{"id":15180,"date":"2012-09-10T02:42:33","date_gmt":"2012-09-10T02:42:33","guid":{"rendered":null},"modified":"-0001-11-30T00:00:00","modified_gmt":"-0001-11-30T00:00:00","slug":"mayor-of-bogota-gustavo-petro-hospitalized-for-respiratory-problems","status":"publish","type":"post","link":"https:\/\/www.best-dentist-dentistry.com\/de\/mayor-of-bogota-gustavo-petro-hospitalized-for-respiratory-problems\/15180","title":{"rendered":"B\u00fcrgermeister von Bogot\u00e1, Gustavo Petro, f\u00fcr Atembeschwerden ins Krankenhaus eingeliefert"},"content":{"rendered":"<p class=\"first\"> Bogota, 15 jun (<span class=\"yshortcuts\" id=\"lw_1339823052_1\"> EFE<\/span>).-der <span class=\"yshortcuts\" id=\"lw_1339823052_6\"> B\u00fcrgermeister<\/span> von Bogot\u00e1, <span class=\"yshortcuts\" id=\"lw_1339823052_0\"> Gustavo Petro<\/span>, interniert in einer Klinik in der Hauptstadt des Landes, nach Leiden, <span class=\"yshortcuts\" id=\"lw_1339823052_4\"> Probleme mit der Atmung<\/span>, w\u00e4hrend des Tages berichtete heute offizielle Quellen.<\/p>\n<p>Der Privatsekret\u00e4r der B\u00fcrgermeister von Bogot\u00e1, <span class=\"yshortcuts\" id=\"lw_1339823052_2\"> Jorge Rojas<\/span>, erz\u00e4hlte Reportern, dass <span class=\"yshortcuts\" id=\"lw_1339823052_5\"> Petro<\/span> wo \u00c4rzte des Gesundheitszustandes Beurteilung der Klinik Santa Fe, aufgenommen wurde.<\/p>\n<p>&#8220;Derzeit ist unter \u00e4rztlicher Aufsicht,&#8221; sagte Rojas, der w\u00e4hrend des Tages hingewiesen, dass der <span class=\"yshortcuts\" id=\"lw_1339823052_3\"> B\u00fcrgermeister Petro<\/span> verhindert, vor allem f\u00fcr &#8220;Atemwegserkrankungen war&#8221;.<\/p>\n<p>F\u00fcgte hinzu, dass aufgrund ihrer Zustand der Gesundheit, Petro ihre Teilnahme an dem Erdgipfel von Rio + 20, in Brasilien, auf den Klimawandel abgebrochen.<\/p>\n<p>Petro, ehemalige Rebellen der gel\u00f6sten <span class=\"yshortcuts\" id=\"lw_1339823052_7\"> 19. April Bewegung<\/span> (m-19), davon ausgegangen, dass die Vergangenheit 1. Januar im Auftrag der Progressive Bewegung (links), erstellt und gef\u00fchrt durch den B\u00fcrgermeister von Bogot\u00e1. EFE<\/p>\n","protected":false},"excerpt":{"rendered":"<p>Bogota, 15 jun ( EFE).-der B\u00fcrgermeister von Bogot\u00e1, Gustavo Petro, interniert in einer Klinik in der Hauptstadt des Landes, nach Leiden, Probleme mit der Atmung, w\u00e4hrend des Tages berichtete heute offizielle Quellen. Der Privatsekret\u00e4r der B\u00fcrgermeister von Bogot\u00e1, Jorge Rojas, erz\u00e4hlte Reportern, dass Petro wo \u00c4rzte des Gesundheitszustandes Beurteilung der Klinik Santa Fe, aufgenommen wurde. [&hellip;]<\/p>\n","protected":false},"author":1,"featured_media":0,"comment_status":"close","ping_status":"open","sticky":false,"template":"","format":"standard","meta":{"footnotes":""},"categories":[3],"tags":[],"class_list":["post-15180","post","type-post","status-publish","format-standard","hentry","category-allgemeine","et-doesnt-have-format-content","et_post_format-et-post-format-standard"],"_links":{"self":[{"href":"https:\/\/www.best-dentist-dentistry.com\/de\/wp-json\/wp\/v2\/posts\/15180","targetHints":{"allow":["GET"]}}],"collection":[{"href":"https:\/\/www.best-dentist-dentistry.com\/de\/wp-json\/wp\/v2\/posts"}],"about":[{"href":"https:\/\/www.best-dentist-dentistry.com\/de\/wp-json\/wp\/v2\/types\/post"}],"author":[{"embeddable":true,"href":"https:\/\/www.best-dentist-dentistry.com\/de\/wp-json\/wp\/v2\/users\/1"}],"replies":[{"embeddable":true,"href":"https:\/\/www.best-dentist-dentistry.com\/de\/wp-json\/wp\/v2\/comments?post=15180"}],"version-history":[{"count":0,"href":"https:\/\/www.best-dentist-dentistry.com\/de\/wp-json\/wp\/v2\/posts\/15180\/revisions"}],"wp:attachment":[{"href":"https:\/\/www.best-dentist-dentistry.com\/de\/wp-json\/wp\/v2\/media?parent=15180"}],"wp:term":[{"taxonomy":"category","embeddable":true,"href":"https:\/\/www.best-dentist-dentistry.com\/de\/wp-json\/wp\/v2\/categories?post=15180"},{"taxonomy":"post_tag","embeddable":true,"href":"https:\/\/www.best-dentist-dentistry.com\/de\/wp-json\/wp\/v2\/tags?post=15180"}],"curies":[{"name":"wp","href":"https:\/\/api.w.org\/{rel}","templated":true}]}}