{"id":1519,"date":"2013-09-21T11:08:25","date_gmt":"2013-09-21T11:08:25","guid":{"rendered":null},"modified":"2013-09-21T11:08:25","modified_gmt":"2013-09-21T11:08:25","slug":"the-agp-supports-custom-in-alzheimers-diagnosis","status":"publish","type":"post","link":"https:\/\/www.best-dentist-dentistry.com\/de\/the-agp-supports-custom-in-alzheimers-diagnosis\/1519","title":{"rendered":"Die AGP unterst\u00fctzt benutzerdefinierte Alzheimer Diagnose."},"content":{"rendered":"<p><strong>La AGP unterst\u00fctzt benutzerdefinierte Alzheimer Diagnose <\/p>\n<p> <font size=\"2\"> 21 September Tag Welt von Alzheimer. <br \/><\/font><\/strong><font size=\"2\"> <\/p>\n<p> <font size=\"2\">-de-Priorit\u00e4t nicht nur erf\u00fcllen, sondern in die Tiefe zu analysieren sind die wichtigsten Bed\u00fcrfnisse der betroffenen Person <\/p>\n<p>-La Eidgenossenschaft Espa\u00f1ola von Verb\u00e4nden der Angeh\u00f6rigen von Menschen mit Alzheimer-Krankheit und anderen Demenzerkrankungen (CEAFA) behauptete ein Staatspolitik, Alzheimer <\/p>\n<p>-die Durchschnittskosten pro Person auf Spanien Alzheimer Sorgfalt betr\u00e4gt 30.000 Euro pro Jahr <\/p>\n<p> <strong>Madrid, 2011-September<\/strong> zur Feier von heute, Mittwoch 21 September, der Tag-Welt von Alzheimer, die allgemeine Allianz von Patienten (AGP) will eine der wichtigsten Forderungen der Gruppe, die betroffen und ihre Familien unterst\u00fctzen: die Notwendigkeit eine Diagnose individuell f\u00fcr jeden Patienten. Patienten mit Alzheimer-Krankheit sollte die Achse, um die sie haben absolut alle Bem\u00fchungen und inspirieren alle Schritte, die ergriffen werden, um nicht nur ihre Lebensqualit\u00e4t, sondern auch derjenigen zu verbessern, die Sie zu dienen und sich um alle Tage. <\/p>\n<p>Daher ist eine Priorit\u00e4t nicht nur erf\u00fcllen, sondern analysieren eingehend die wichtigsten Bed\u00fcrfnisse der Person betrifft, und nur auf diese Weise k\u00f6nnen Sie einen Rahmen f\u00fcr geeignete und wirksame Unterst\u00fctzung. Nun, das Motto gew\u00e4hlt f\u00fcr das diesj\u00e4hrige Welttag  jeder Diagnose, eine Person &#8221; reagiert auf diese kritische Anforderung ein. <\/p>\n<p>Und um diese Priorit\u00e4t der Spanische Konf\u00f6deration von Verb\u00e4nden der Angeh\u00f6rigen von Menschen mit Alzheimer-Krankheit und anderen Demenzerkrankungen (CEAFA) zu erf\u00fcllen, Association als Teil der PGA, behauptete ein Richtlinienstatus von Alzheimer, die die Krankheit als priorit\u00e4r Sozial-und Gesundheitsdiensten ersten Ranges in der nationalen Politik h\u00e4lt.  Dieser Politik muss sich auf Menschen, die von Alzheimer-Krankheit betroffen, die verantwortlich f\u00fcr die Festlegung der Aspekte, die in Bezug auf die sozio-sanit\u00e4re Anlagen, Rechtsschutz, Forschung, sowie Ausbildung und Fortbildung gesehen werden m\u00fcssen &#8221;, sagt Ars\u00e8ne HuerosPr\u00e4sident des CEAFA. Dar\u00fcber hinaus Hueros warnt, dass  f\u00fcr die Gesellschaft ist immer mehr besorgt \u00fcber die Krankheit, wird immer verwendet, um die Hauptfiguren, als die 3,5 Millionen betroffen oder 24.000 Euro heute Pflege von Alzheimer in Spanien (j\u00e4hrlich pro Person \u20ac 30.000) und die voraussichtlich 48 Mrd. in eine paar Jahrzehnte &#8221;. <\/p>\n<p><strong>Institutionelle und zehnten Lotterie Awards<\/strong> <\/p>\n<p>Auf der anderen Seite, bei der der Welt-Alzheimer-Tag feierte CEAFA die Lieferung von ihrer institutionellen Awards-V, die Institutionen erkennt, die wichtigere w\u00e4hrend des ganzen Jahres f\u00fcr seine Beteiligung mit der betroffenen haben. Aus diesem Anlass haben die, in Form von Informationen, um Radio Televisi\u00f3n Espa\u00f1ola ausgezeichnet; in Form von Forschung, das Konsortium des Internationalen Jahres der Forschung in der Alzheimer-Krankheit 2011; in der Kategorie der Betreuer, der Kommission f\u00fcr Gesundheit, Sozialpolitik und Verbrauch des Senats haben die Regierung die Entwicklung einer Strategie der Alzheimer-Krankheit gem\u00e4\u00df den Grunds\u00e4tzen der Gerechtigkeit und territorialen Zusammenhalt sowie f\u00fcr die Unterst\u00fctzung f\u00fcr das B\u00fcndnis von Alzheimer-Krankheit im allgemeinen und CEAFA insbesondere aufgefordert, und in der sozialen Kategorie, der Verband der Verwandten von Alzheimer-Patienten und anderen neurologischen Problemen des Alters in Merindades (AFAMER). Diese Anerkennung ist das Ergebnis der positiven Einsch\u00e4tzung, dass die EZB Board von CEAFA macht, denen seine Verdienste Bericht bei, Aufruf \u00f6ffnen. Dar\u00fcber hinaus hat er eine besondere Anerkennung Oskar Weaver, Direktor des dokumentarischen Betreuer gegeben. <\/p>\n<p>Schlie\u00dflich der staatlichen Lotterien und Wetten des Staates mit CEAFA zusammengearbeitet, F\u00f6rderung und Bewusstsein f\u00fcr die Welt-Alzheimer-Tag, einschlie\u00dflich das corporate Image dieser Partnerschaft, zusammen mit dem Motto  jede Diagnose, eine Person &#8221;, in Zehntel der nationalen Lotterie zeichnen am Samstag 17. <\/p>\n<p><strong>Auf die allgemeine Allianz von Patienten <br \/><\/strong> <br \/>Die allgemeine Allianz von Patienten (AGP) umfasst Entit\u00e4ten und spanischen sanit\u00e4re Einrichtungen in verschiedenen Bereichen. Es wurde geschaffen, mit dem Ziel der F\u00f6rderung des Dialogs der Organisationen der Patienten mit Gesundheit Beh\u00f6rden, Fachleute in der gleichen Gegend und privaten Einrichtungen. <\/p>\n<p>Die Hauptaufgabe der PGA ist Patientenorganisationen Mechanismen f\u00fcr die Beteiligung an Entscheidungen Gesundheitswesen. Zu diesem Zweck soll PGA Dialog zwischen Angeh\u00f6rigen der Gesundheitsberufe, \u00f6ffentliche Verwaltungen, privater Unternehmen und Organisationen selbst Patienten, Ziele, Verbesserungsm\u00f6glichkeiten und Probleme zu l\u00f6sen. <\/p>\n<p>PGA konstituiert sich als Plattform f\u00fcr den Dialog um Patienten, die mit Kriterien der Qualit\u00e4t und Transparenz. <\/p>\n<p><strong>\u00dcber Alzheimer<\/strong> <\/p>\n<p>Alzheimer-Krankheit ist eine Neurodegenerative Krankheit, progressive und unumkehrbar, die Verlust von Neuronen und der Verschlechterung der k\u00f6rperlichen und geistigen Fachbereiche, die bewirkt, dass ihr leiden. Der Name kommt von der Neurologe Alo\u00eds Alzheimer, 1907, entdeckte die Symptome, die Krankheit zu charakterisieren. Am Anfang, die Krankheit scheint langsam, mit milden Verlust des Ged\u00e4chtnisses, Verlust von Fl\u00fcssigkeit in die verbale Sprache, Anleitungen Fehler, Schaukeln der Stimmung und klare Ver\u00e4nderungen in der Pers\u00f6nlichkeit, unter anderen Zeichen und schreitet langsam, bis die gesamten Behinderung und Verlust der geistigen und k\u00f6rperlichen F\u00e4higkeiten, dass die Patienten Konstante in ihrem t\u00e4glichen Leben. Derzeit gibt es keine Heilung, aber es gibt Behandlungen, die versuchen, den Verlauf der Krankheit und ihre Symptome zu verringern. Behandlung, palliative, einigt sich mit Drogen, psychologische Hilfe und K\u00f6rperpflege, Verantwortung f\u00e4llt in vielen F\u00e4llen in den Angeh\u00f6rigen der Kranken. <\/p>\n<p><\/font><\/font><\/p>\n","protected":false},"excerpt":{"rendered":"<p>La AGP unterst\u00fctzt benutzerdefinierte Alzheimer Diagnose 21 September Tag Welt von Alzheimer. -de-Priorit\u00e4t nicht nur erf\u00fcllen, sondern in die Tiefe zu analysieren sind die wichtigsten Bed\u00fcrfnisse der betroffenen Person -La Eidgenossenschaft Espa\u00f1ola von Verb\u00e4nden der Angeh\u00f6rigen von Menschen mit Alzheimer-Krankheit und anderen Demenzerkrankungen (CEAFA) behauptete ein Staatspolitik, Alzheimer -die Durchschnittskosten pro Person auf Spanien Alzheimer [&hellip;]<\/p>\n","protected":false},"author":1,"featured_media":0,"comment_status":"close","ping_status":"open","sticky":false,"template":"","format":"standard","meta":{"footnotes":""},"categories":[3],"tags":[6055,6056,6054],"class_list":["post-1519","post","type-post","status-publish","format-standard","hentry","category-allgemeine","tag-agp","tag-alzheimer","tag-eigentmer","et-doesnt-have-format-content","et_post_format-et-post-format-standard"],"_links":{"self":[{"href":"https:\/\/www.best-dentist-dentistry.com\/de\/wp-json\/wp\/v2\/posts\/1519","targetHints":{"allow":["GET"]}}],"collection":[{"href":"https:\/\/www.best-dentist-dentistry.com\/de\/wp-json\/wp\/v2\/posts"}],"about":[{"href":"https:\/\/www.best-dentist-dentistry.com\/de\/wp-json\/wp\/v2\/types\/post"}],"author":[{"embeddable":true,"href":"https:\/\/www.best-dentist-dentistry.com\/de\/wp-json\/wp\/v2\/users\/1"}],"replies":[{"embeddable":true,"href":"https:\/\/www.best-dentist-dentistry.com\/de\/wp-json\/wp\/v2\/comments?post=1519"}],"version-history":[{"count":0,"href":"https:\/\/www.best-dentist-dentistry.com\/de\/wp-json\/wp\/v2\/posts\/1519\/revisions"}],"wp:attachment":[{"href":"https:\/\/www.best-dentist-dentistry.com\/de\/wp-json\/wp\/v2\/media?parent=1519"}],"wp:term":[{"taxonomy":"category","embeddable":true,"href":"https:\/\/www.best-dentist-dentistry.com\/de\/wp-json\/wp\/v2\/categories?post=1519"},{"taxonomy":"post_tag","embeddable":true,"href":"https:\/\/www.best-dentist-dentistry.com\/de\/wp-json\/wp\/v2\/tags?post=1519"}],"curies":[{"name":"wp","href":"https:\/\/api.w.org\/{rel}","templated":true}]}}