{"id":15197,"date":"2012-09-10T02:44:16","date_gmt":"2012-09-10T02:44:16","guid":{"rendered":null},"modified":"-0001-11-30T00:00:00","modified_gmt":"-0001-11-30T00:00:00","slug":"the-president-of-cuba-raul-castro-will-attend-the-summit-of-rio20","status":"publish","type":"post","link":"https:\/\/www.best-dentist-dentistry.com\/de\/the-president-of-cuba-raul-castro-will-attend-the-summit-of-rio20\/15197","title":{"rendered":"Der Pr\u00e4sident der Republik Kuba, Raul Castro, wird den Gipfel des rio20 teilnehmen."},"content":{"rendered":"<p class=\"first\"> Havanna, 20 jun (EFE).-der Pr\u00e4sident der Republik Kuba, Raul Castro, Teilnahme an der Conference der Vereinten Nationen am &#8220;Rio + 20&#8221; nachhaltiger Entwicklung in Rio De Janeiro (Brasilien), bis zum 22. Juni stattfinden berichtet heute in den offiziellen Medien.<\/p>\n<p>Raul Castro reist nach Brasilien zusammen mit Miguel Diaz-Canel, einer der Vizepr\u00e4sidenten der Ministerrat; kubanische Au\u00dfenminister Bruno Rodr\u00edguez, und der Minister f\u00fcr Wissenschaft, Technologie und Umwelt, Elba Rosa Perez, laut einer Notiz von den t\u00e4glichen &#8220;Granma&#8221;, &#8220;Juventud Rebelde&#8221; digital Editions und online offizielle Cubadebate bekannt gegeben.<\/p>\n<p>Diese Mittel sind der Rio + 20 Konferenz &#8220;erteile Kontinuit\u00e4t der Erdgipfel und andere hochrangigen Treffen, die in der Vergangenheit statt 20 Jahren im Bereich der nachhaltigen Entwicklung&#8221;.<\/p>\n<p>Hundert Staats- und Regierungschefs wird ab morgen auf dem Pr\u00e4sidenten Gipfel der Vereinten Nationen f\u00fcr nachhaltige Entwicklung Rio + 20 Konferenz teilnehmen.<\/p>\n<p>The 193 L\u00e4nder vertreten bei diesem Event am Dienstag genehmigt das Dokument &#8220;Die Zukunft, wir wollen&#8221;, ein Text, der gelobt, von den Vereinten Nationen und von Brasilien und von nichtstaatlichen Organisationen heftig angegriffen wurde.<\/p>\n<p>Der Pr\u00e4sident von Kuba, Raul Castro. WireImage \/<\/p>\n","protected":false},"excerpt":{"rendered":"<p>Havanna, 20 jun (EFE).-der Pr\u00e4sident der Republik Kuba, Raul Castro, Teilnahme an der Conference der Vereinten Nationen am &#8220;Rio + 20&#8221; nachhaltiger Entwicklung in Rio De Janeiro (Brasilien), bis zum 22. Juni stattfinden berichtet heute in den offiziellen Medien. Raul Castro reist nach Brasilien zusammen mit Miguel Diaz-Canel, einer der Vizepr\u00e4sidenten der Ministerrat; kubanische Au\u00dfenminister [&hellip;]<\/p>\n","protected":false},"author":1,"featured_media":0,"comment_status":"close","ping_status":"open","sticky":false,"template":"","format":"standard","meta":{"footnotes":""},"categories":[3],"tags":[26415,26416],"class_list":["post-15197","post","type-post","status-publish","format-standard","hentry","category-allgemeine","tag-eingefallen","tag-rio20","et-doesnt-have-format-content","et_post_format-et-post-format-standard"],"_links":{"self":[{"href":"https:\/\/www.best-dentist-dentistry.com\/de\/wp-json\/wp\/v2\/posts\/15197","targetHints":{"allow":["GET"]}}],"collection":[{"href":"https:\/\/www.best-dentist-dentistry.com\/de\/wp-json\/wp\/v2\/posts"}],"about":[{"href":"https:\/\/www.best-dentist-dentistry.com\/de\/wp-json\/wp\/v2\/types\/post"}],"author":[{"embeddable":true,"href":"https:\/\/www.best-dentist-dentistry.com\/de\/wp-json\/wp\/v2\/users\/1"}],"replies":[{"embeddable":true,"href":"https:\/\/www.best-dentist-dentistry.com\/de\/wp-json\/wp\/v2\/comments?post=15197"}],"version-history":[{"count":0,"href":"https:\/\/www.best-dentist-dentistry.com\/de\/wp-json\/wp\/v2\/posts\/15197\/revisions"}],"wp:attachment":[{"href":"https:\/\/www.best-dentist-dentistry.com\/de\/wp-json\/wp\/v2\/media?parent=15197"}],"wp:term":[{"taxonomy":"category","embeddable":true,"href":"https:\/\/www.best-dentist-dentistry.com\/de\/wp-json\/wp\/v2\/categories?post=15197"},{"taxonomy":"post_tag","embeddable":true,"href":"https:\/\/www.best-dentist-dentistry.com\/de\/wp-json\/wp\/v2\/tags?post=15197"}],"curies":[{"name":"wp","href":"https:\/\/api.w.org\/{rel}","templated":true}]}}