{"id":1522,"date":"2013-09-22T23:08:05","date_gmt":"2013-09-22T23:08:05","guid":{"rendered":null},"modified":"2013-09-22T23:08:05","modified_gmt":"2013-09-22T23:08:05","slug":"spain-continues-without-a-strategic-plan-against-alzheimers","status":"publish","type":"post","link":"https:\/\/www.best-dentist-dentistry.com\/de\/spain-continues-without-a-strategic-plan-against-alzheimers\/1522","title":{"rendered":"Spanien wird fortgesetzt, ohne einen strategischen Plan gegen Alzheimer."},"content":{"rendered":"<p><strong>Spanien wird fortgesetzt, ohne einen strategischen Plan gegen Alzheimer. <\/p>\n<p><font   size=\"2\"> 21 September: Tag Welt von Alzheimer.<\/font><\/strong><font   size=\"2\"> <\/p>\n<p>-In Spanien gibt es etwa 360.000 Patienten, obwohl es gesch\u00e4tzt wird, dass es etwa 200.000 F\u00e4lle mehr diagnostiziert <\/p>\n<p>-ein fr\u00fchreifen, grundlegende Diagnose zur Verbesserung der Lebensqualit\u00e4t der Patienten <\/p>\n<p>-Spanien muss die Einschr\u00e4nkungen der institutionellen und Strukturen Gesundheitsversorgung \u00fcberwinden, wenn Sie in ihrer Untersuchung vorankommen m\u00f6chten <\/p>\n<p> <strong>Spanien, 2011-September<\/strong> 21 September ist heute der Tag-Welt der Alzheimer-Krankheit, die h\u00e4ufigste Erkrankung der Demenz. Gem\u00e4\u00df der Daten von der Sociedad Espa\u00f1ola de Neurolog\u00eda (SEN) verwaltet in Spanien gibt es mehr als 360.000 Patienten, und es wird gesch\u00e4tzt, dass etwa 200.000 andere nicht diagnostiziert wurden. <\/p>\n<p>Aber dar\u00fcber hinaus die progressive \u00dcberalterung der Bev\u00f6lkerung wird in den kommenden Jahrzehnten wachsen sehr deutlich die Zahl der Menschen, die \u00e4lter als 65 Jahre, und es wird gesch\u00e4tzt, dass etwa 30-40 Jahren verdoppeln die aktuelle Figur, k\u00f6nnen die umfasst mehr als eineinhalb Millionen Menschen mit der Krankheit in Spanien. <\/p>\n<p> In den letzten Jahren wichtige Fortschritte in der Erkenntnis der Krankheit als auch bei der Fr\u00fcherkennung erzielt wurde, ist es notwendig, weitere Anstrengungen zur F\u00f6rderung der gesundheitliche Aufkl\u00e4rung der Bev\u00f6lkerung \u00fcber was sind die ersten Symptome und die F\u00f6rderung der Koordinierung zwischen prim\u00e4ren und spezialisierte Versorgung sicherzustellen, die beste Antwort auf die Nachfrage nach Diagnose die Person, die der Speicherfehler beschwert sich. Diagnostische und therapeutischer klinischer Forschung bleibt entscheidend vor einer der Krankheiten, die meisten Inzidenz in den n\u00e4chsten Jahren zunehmen wird &#8221;, sagt Dr. Pablo Martinez-Lage \u00c1lvarez, Koordinator der Gruppe Verhalten und Demenzerkrankungen der Gesellschaft Spanisch der Neurologie.  insbesondere, in Spanien, klinischer Forschung pr\u00e4sentiert eine merkliche Verz\u00f6gerung seit Jahren im Vergleich zu anderen entwickelten L\u00e4ndern. Es ist erforderlich, klinische Demenz Einheiten, die Banken von Gehirn, Clinicopatologicos Studien, Projekte der anatomischen und funktionelle Bildgebung und klinischen Zentren, die Forschung zu unterst\u00fctzen &#8221;. Vereinigung von Alzheimer International (ADI) hat soeben seinen Jahresbericht ver\u00f6ffentlicht, die f\u00fcr jedes Land eine strategische Anti-Alzheimer nennt zu optimieren, die Diagnose und Behandlung, verbessern und die Verwaltung der Ressourcen und F\u00f6rderung der Forschung. Bis heute in Europa nur Frankreich, haben Gro\u00dfbritannien und Deutschland einen Plan sowie. <\/p>\n<p>Etwa 25 Millionen Menschen leiden unter der Alzheimer-Krankheit in der Welt. Es gibt mehrere Risikofaktoren: demographische, Alter, weiblichen Geschlechts, Analphabetismus und medizinische Vorgeschichte, in erster Linie die Herz-Kreislauf-Risiko &#8211; Diabetes, Rauchen, Bluthochdruck, genannt Steigerungen bei Cholesterin, Faktoren und andere wie Depression, Wechseljahre, usw. <\/p>\n<p>Alzheimker Krankheit dar. Es gibt vier Medikamente, die bei der Verbesserung ihrer kognitiven Verhaltenstherapie Symptome erwiesen haben und funktionell. Sie sind Medikamente, die  zu stabilisieren &#8221; zwischen ein bis zwei Jahren die Entwicklung der Symptome und sie k\u00f6nnen sogar die Notwendigkeit f\u00fcr die Zulassung in der Residenz verz\u00f6gern.  Aus diesem Grund ist die Diagnose fr\u00fch ein wichtiges Instrument zur Verbesserung der Lebensqualit\u00e4t der Patienten. Das Problem ist, dass oft das erste Stadion unbemerkt gehen kann. Wie die Krankheit hat die Form eines vielf\u00e4ltigen Darstellung kein einmaliges Muster folgt und eine schrittweise Entwicklung hat manchmal ist es schwer f\u00fcr den Patienten oder ihre Familien unterscheiden fr\u00fchen Symptome von Alzheimer Alter \u00c4nderungen &#8221;, erkl\u00e4rt Dr. Pablo Martinez-Lage \u00c1lvarez. <\/p>\n<p>Alzheimer-Krankheit ist eine degenerative Prozess wahrscheinlich durch Ablagerung von Protein Beta-Amyloid und was zu einen allm\u00e4hlichen Verlust der Neuronen und ihre Verbindungen. Au\u00dfer in den seltenen F\u00e4llen, in denen die Krankheit durch eine genetische Mutation ist, hat das Alzheimer keine bekannte Ursache. F\u00fcr die Verteilung auf die zerebrale Ebene produziert kognitiven Symptome, Verhaltens-Symptome und Verlust der Funktionsf\u00e4higkeit und begrenzte Autonomie und Unabh\u00e4ngigkeit. Initiale Symptome sind: <\/p>\n<p>-progressiven Verlust des Ged\u00e4chtnisses <br \/>-mangelnde <br \/>-Schwierigkeiten \u00fcblichen Aufgaben <br \/>-Probleme mit der Sprache <br \/>-Orientierungslosigkeit in Zeit und Raum <br \/>-Schwierigkeiten erkennen von Objekten und Menschen <br \/>-verringern des Prozesses, mit Problemen Recht von Unrecht unterscheiden <br \/>-Ver\u00e4nderungen in der Stimmung oder Verhalten <br \/>-verloren in vertrauten Orten <br \/>-zeigen Schwierigkeit Entscheidungen <br \/>-Mangel Initiative und Motivation <br \/>-Anzeichen einer Depression und aggressiven <br \/>-verlieren Interesse an Hobbys oder Interessen vor <br \/>-Schwierigkeiten im Umgang mit Geld <\/p>\n<p> &#8221; ist wichtig zu wissen, dass Alter, wenn gleiche, keine Demenz erzeugt werden. Das Alter kann getan werden, um die Agilit\u00e4t zu lernen zu verringern oder zu erinnern, aber Alter erkl\u00e4rt nicht den Verlust des Ged\u00e4chtnisses, rechtfertigt nicht den t\u00e4gliche, wiederholte und best\u00e4ndige Speicher-Fehler. Wenn jemand Frage mich, ob einige liebte wenn er oder sie beginnt mit der Alzheimer-Zeit zu gehen, um den Arzt, und das ist der Moment, in dem der Arzt eine professionelle Antwort basierend auf eine klinische Bewertung und eine angemessene und geeignete Diagnose-Studie und uneingeschr\u00e4nkte Achtung zu geben bereit sein muss, Rechte und die Autonomie der individuelle Beratung. <\/p>\n<p><\/font><\/p>\n","protected":false},"excerpt":{"rendered":"<p>Spanien wird fortgesetzt, ohne einen strategischen Plan gegen Alzheimer. 21 September: Tag Welt von Alzheimer. -In Spanien gibt es etwa 360.000 Patienten, obwohl es gesch\u00e4tzt wird, dass es etwa 200.000 F\u00e4lle mehr diagnostiziert -ein fr\u00fchreifen, grundlegende Diagnose zur Verbesserung der Lebensqualit\u00e4t der Patienten -Spanien muss die Einschr\u00e4nkungen der institutionellen und Strukturen Gesundheitsversorgung \u00fcberwinden, wenn Sie [&hellip;]<\/p>\n","protected":false},"author":1,"featured_media":0,"comment_status":"close","ping_status":"open","sticky":false,"template":"","format":"standard","meta":{"footnotes":""},"categories":[3],"tags":[6069,6067,6068,6070],"class_list":["post-1522","post","type-post","status-publish","format-standard","hentry","category-allgemeine","tag-br21","tag-anerkennt","tag-fortgesetzt","tag-welt-alzheimer-tag","et-doesnt-have-format-content","et_post_format-et-post-format-standard"],"_links":{"self":[{"href":"https:\/\/www.best-dentist-dentistry.com\/de\/wp-json\/wp\/v2\/posts\/1522","targetHints":{"allow":["GET"]}}],"collection":[{"href":"https:\/\/www.best-dentist-dentistry.com\/de\/wp-json\/wp\/v2\/posts"}],"about":[{"href":"https:\/\/www.best-dentist-dentistry.com\/de\/wp-json\/wp\/v2\/types\/post"}],"author":[{"embeddable":true,"href":"https:\/\/www.best-dentist-dentistry.com\/de\/wp-json\/wp\/v2\/users\/1"}],"replies":[{"embeddable":true,"href":"https:\/\/www.best-dentist-dentistry.com\/de\/wp-json\/wp\/v2\/comments?post=1522"}],"version-history":[{"count":0,"href":"https:\/\/www.best-dentist-dentistry.com\/de\/wp-json\/wp\/v2\/posts\/1522\/revisions"}],"wp:attachment":[{"href":"https:\/\/www.best-dentist-dentistry.com\/de\/wp-json\/wp\/v2\/media?parent=1522"}],"wp:term":[{"taxonomy":"category","embeddable":true,"href":"https:\/\/www.best-dentist-dentistry.com\/de\/wp-json\/wp\/v2\/categories?post=1522"},{"taxonomy":"post_tag","embeddable":true,"href":"https:\/\/www.best-dentist-dentistry.com\/de\/wp-json\/wp\/v2\/tags?post=1522"}],"curies":[{"name":"wp","href":"https:\/\/api.w.org\/{rel}","templated":true}]}}