{"id":15227,"date":"2012-09-10T03:29:14","date_gmt":"2012-09-10T03:29:14","guid":{"rendered":null},"modified":"-0001-11-30T00:00:00","modified_gmt":"-0001-11-30T00:00:00","slug":"semergen-and-ceafa-sign-a-collaboration-agreement-for-the-training-and-research-in-alzheimers-disease","status":"publish","type":"post","link":"https:\/\/www.best-dentist-dentistry.com\/de\/semergen-and-ceafa-sign-a-collaboration-agreement-for-the-training-and-research-in-alzheimers-disease\/15227","title":{"rendered":"SEMERGEN und CEAFA unterzeichnen einen Kooperationsvertrag f\u00fcr die Ausbildung und Forschung in der Alzheimer Krankheit."},"content":{"rendered":"<p><strong>SEMERGEN und CEAFA unterzeichnen einen Kooperationsvertrag f\u00fcr die Ausbildung und Forschung in der Alzheimer-Krankheit.<\/strong> <\/p>\n<p><font size=\"2\"> <strong>Jose Luis Llisterri, Pr\u00e4sident der SEMERGEN und Arsenio Hueros, Pr\u00e4sident der CEAFA, haben das Abkommen \u00fcber den Sitz des SEMERGEN paraphiert.<\/strong><\/p>\n<p>-das wichtigste Ziel des Abkommens ist die Verbesserung der Lebensqualit\u00e4t von Menschen mit Alzheimer-Krankheit, in deren Pflege entscheidend f\u00fcr die Grundversorgung-professionelle ist <\/p>\n<p>-Dank dieser Vereinbarung, die beiden Verb\u00e4nde Informationen auszutauschen und in Konferenzen, Pr\u00e4sentationen und Seminare hierzu und zu anderen Demenzerkrankungen zusammenarbeiten werden <\/p>\n<p> <strong>MadridSeptember 2012 &#8211;<\/strong> die spanische Gesellschaft f\u00fcr \u00c4rzte Primary Care (SEMERGEN) und die Spanische Konf\u00f6deration der Verb\u00e4nde der Familien von Menschen mit Alzheimer-Krankheit und anderen Demenzerkrankungen (CEAFA) unterzeichnet einen Vereinbarung Rahmen der Zusammenarbeit um die Verbesserung der Ausbildung von Fachleuten, die in der Behandlung der Alzheimer-Krankheit und ihren Zugriff auf die Forschung in diesem Bereich zu erleichtern. <\/p>\n<p>Hierzu sammelt die Vereinbarung, zwei Jahre verl\u00e4ngerbar, ein Engagement f\u00fcr den Austausch von Informationen zwischen Partnerschaften und Zusammenarbeit im Betrieb von Seminaren, Kursen und Konferenzen auf Alzheimer-Krankheit und andere Demenzen. <\/p>\n<p align=\"center\"><img loading=\"lazy\" decoding=\"async\" title=\"\" height=\"338\" alt=\"\" src=\"http:\/\/www.best-dentist-dentistry.com\/best-dentist-images\/translateapiexception-ip-is-over-the-quota-id3010v2jsontranslate1799beea.jpg\" width=\"432\" align=\"baseline\" border=\"0\"\/><\/p>\n<p>Igualmente, CEAFA y SEMERGEN colaborar&aacute;n en todas aquellas actividades que promuevan un mejor conocimiento de la imagen m&eacute;dica (como resonancias magn&eacute;ticas, radiograf&iacute;as, etc.) por parte de los m&eacute;dicos de Atenci&oacute;n Primaria, para promover la eficiencia en la asistencia a los pacientes. <\/p>\n<p><strong>\u00dcber SEMERGEN<\/strong> <\/p>\n<p>Die spanische Gesellschaft der \u00c4rzte in der Grundversorgung, SEMERGEN ist die wissenschaftliche Gesellschaft der Grundversorgung in Spanien-Pionier mit 37 Jahren Erfahrung. Er wurde gegr\u00fcndet mit dem Ziel der F\u00f6rderung der Familienmedizin, durch die Erhaltung und Verbesserung der professionellen Kompetenz von \u00c4rzten, F\u00f6rderung der Forschung und laufende Schulungen des Arztes um die Qualit\u00e4t in der Pflege der Gesundheit der B\u00fcrger zu gew\u00e4hrleisten. <\/p>\n<p align=\"center\"><img loading=\"lazy\" decoding=\"async\" title=\"\" height=\"220\" alt=\"\" src=\"http:\/\/www.best-dentist-dentistry.com\/best-dentist-images\/translateapiexception-ip-is-over-the-quota-id3010v2jsontranslate1799beea.jpg\" width=\"289\" align=\"baseline\" border=\"0\"\/><\/p>\n<p>Dispone de 17 delegaciones auton&oacute;micas y celebra elecciones democr&aacute;ticas cada 4 a&ntilde;os. SEMERGEN Stiftung wurde 1999 gegr\u00fcndet. In diesem Jahr statt seiner drei\u00dfig Viertel Nationalkongress in Malaga, sowie Dutzende von Regionalkonferenzen. <\/p>\n<p><strong>\u00dcber CEAFA <br \/><\/strong> <br \/>Die Spanische Konf\u00f6deration der Verb\u00e4nde der Familien von Menschen mit Alzheimer-Krankheit und anderen Demenzerkrankungen (CEAFA) arbeitet seit 1990 zur Verbesserung der Lebensqualit\u00e4t der Menschen mit der Alzheimer-Krankheit und ihren famili\u00e4ren Bezugspersonen. Es besteht aus 13 Regionalverb\u00e4nde und 6 Uniprovinciales Partnerschaften entfallen rund 300 lokalen Vereine, die mehr als 200.000 Familien darstellen. Seine Ehrenpr\u00e4sident ist s.m K\u00f6nigin Dona Sofia. <\/p>\n<p align=\"center\"><img loading=\"lazy\" decoding=\"async\" title=\"\" height=\"338\" alt=\"\" src=\"http:\/\/www.best-dentist-dentistry.com\/best-dentist-images\/translateapiexception-ip-is-over-the-quota-id3010v2jsontranslate1799beea.jpg\" width=\"248\" align=\"baseline\" border=\"0\"\/><\/p>\n<p><\/font><\/p>\n","protected":false},"excerpt":{"rendered":"<p>SEMERGEN und CEAFA unterzeichnen einen Kooperationsvertrag f\u00fcr die Ausbildung und Forschung in der Alzheimer-Krankheit. Jose Luis Llisterri, Pr\u00e4sident der SEMERGEN und Arsenio Hueros, Pr\u00e4sident der CEAFA, haben das Abkommen \u00fcber den Sitz des SEMERGEN paraphiert. -das wichtigste Ziel des Abkommens ist die Verbesserung der Lebensqualit\u00e4t von Menschen mit Alzheimer-Krankheit, in deren Pflege entscheidend f\u00fcr die [&hellip;]<\/p>\n","protected":false},"author":1,"featured_media":0,"comment_status":"close","ping_status":"open","sticky":false,"template":"","format":"standard","meta":{"footnotes":""},"categories":[3],"tags":[26441,26442,26440],"class_list":["post-15227","post","type-post","status-publish","format-standard","hentry","category-allgemeine","tag-ceafa","tag-kooperationsvertrag","tag-selling","et-doesnt-have-format-content","et_post_format-et-post-format-standard"],"_links":{"self":[{"href":"https:\/\/www.best-dentist-dentistry.com\/de\/wp-json\/wp\/v2\/posts\/15227","targetHints":{"allow":["GET"]}}],"collection":[{"href":"https:\/\/www.best-dentist-dentistry.com\/de\/wp-json\/wp\/v2\/posts"}],"about":[{"href":"https:\/\/www.best-dentist-dentistry.com\/de\/wp-json\/wp\/v2\/types\/post"}],"author":[{"embeddable":true,"href":"https:\/\/www.best-dentist-dentistry.com\/de\/wp-json\/wp\/v2\/users\/1"}],"replies":[{"embeddable":true,"href":"https:\/\/www.best-dentist-dentistry.com\/de\/wp-json\/wp\/v2\/comments?post=15227"}],"version-history":[{"count":0,"href":"https:\/\/www.best-dentist-dentistry.com\/de\/wp-json\/wp\/v2\/posts\/15227\/revisions"}],"wp:attachment":[{"href":"https:\/\/www.best-dentist-dentistry.com\/de\/wp-json\/wp\/v2\/media?parent=15227"}],"wp:term":[{"taxonomy":"category","embeddable":true,"href":"https:\/\/www.best-dentist-dentistry.com\/de\/wp-json\/wp\/v2\/categories?post=15227"},{"taxonomy":"post_tag","embeddable":true,"href":"https:\/\/www.best-dentist-dentistry.com\/de\/wp-json\/wp\/v2\/tags?post=15227"}],"curies":[{"name":"wp","href":"https:\/\/api.w.org\/{rel}","templated":true}]}}