{"id":1523,"date":"2013-09-23T11:08:08","date_gmt":"2013-09-23T11:08:08","guid":{"rendered":null},"modified":"2013-09-23T11:08:08","modified_gmt":"2013-09-23T11:08:08","slug":"the-world-of-alzheimers-documentary-instants-day","status":"publish","type":"post","link":"https:\/\/www.best-dentist-dentistry.com\/de\/the-world-of-alzheimers-documentary-instants-day\/1523","title":{"rendered":"Die Welt der Alzheimer   Dokumentarfilm &#8220;Instants&#8221; Tag."},"content":{"rendered":"<p><strong>Tag Welt der Alzheimer &#8211; Dokumentarfilm &#8220;Instante&#8221;.<\/strong> <\/p>\n<p><font size=\"2\"> <strong>Spanien, 2011-September<\/strong> der Alzheimer-Krankheit ist eine degenerative Erkrankung der Gehirnzellen &#8211; Neuronen- und progressive Natur noch unbekannter Herkunft. Es ist die Ursache f\u00fcr Invalidit\u00e4t, Abh\u00e4ngigkeit und Sterblichkeit h\u00e4ufiger bei \u00e4lteren Menschen. Es ist auch der h\u00e4ufigsten Ausl\u00f6ser f\u00fcr psychische St\u00f6rung in der westlichen Welt, die zwischen 60 und 75 Prozent der alle Demenzerkrankungen. Die Inzidenz und Pr\u00e4valenz exponentiell fast mit dem \u00c4lterwerden. <\/p>\n<p>Fast 700.000 Menschen in Spanien betroffen sind und mehr als 100.000 neue Patienten im Jahr unter Ber\u00fccksichtigung die Alterung der Bev\u00f6lkerung und der k\u00fcnftigen Zunahme der Menschen \u00fcber 80 Jahren manifestiert, er wird erwartet, dass die Zahl der Kranken, doppelt bis 2020 und 2050. <\/p>\n<p>Gr\u00fcnenthal Pharma, f\u00fchrendes Unternehmen in der Behandlung von Schmerzen und mit umfassenden Kenntnissen im Bereich des zentralen Nervensystems, unterst\u00fctzt die Bek\u00e4mpfung der Alzheimer-Krankheit und sponsert den Dokumentarfilm,  Momente. Um Alzheimer Familie &#8221;, die begeben werden diese Mittwoch, September 21, Internationaler Tag der Alzheimer in 2 Fernsehsendung  La Aventura del Saber &#8221;, um 10:00. <\/p>\n<p>Der Filmemacher Ander Duque sammelt in diesem St\u00fcck die harte Realit\u00e4t des mehrere Patienten mit Alzheimer-Krankheit, sowie den t\u00e4glichen Trag\u00f6dien und kleinen Triumphe von Patienten und ihren Familien. <\/p>\n<p>Wenn Sie den Trailer f\u00fcr den Film klicken Sie hier zu sehen<\/font><\/p>\n<p><font size=\"2\"><\/font><\/p>\n<p><font size=\"2\"><\/font><\/p>\n<p><font size=\"2\"><\/font><\/p>\n<p><font size=\"2\"><\/p>\n<p><\/font><\/p>\n","protected":false},"excerpt":{"rendered":"<p>Tag Welt der Alzheimer &#8211; Dokumentarfilm &#8220;Instante&#8221;. Spanien, 2011-September der Alzheimer-Krankheit ist eine degenerative Erkrankung der Gehirnzellen &#8211; Neuronen- und progressive Natur noch unbekannter Herkunft. Es ist die Ursache f\u00fcr Invalidit\u00e4t, Abh\u00e4ngigkeit und Sterblichkeit h\u00e4ufiger bei \u00e4lteren Menschen. Es ist auch der h\u00e4ufigsten Ausl\u00f6ser f\u00fcr psychische St\u00f6rung in der westlichen Welt, die zwischen 60 und [&hellip;]<\/p>\n","protected":false},"author":1,"featured_media":0,"comment_status":"close","ping_status":"open","sticky":false,"template":"","format":"standard","meta":{"footnotes":""},"categories":[3],"tags":[6071,6072,6070],"class_list":["post-1523","post","type-post","status-publish","format-standard","hentry","category-allgemeine","tag-dokumentarfilm","tag-instants-tag","tag-welt-alzheimer-tag","et-doesnt-have-format-content","et_post_format-et-post-format-standard"],"_links":{"self":[{"href":"https:\/\/www.best-dentist-dentistry.com\/de\/wp-json\/wp\/v2\/posts\/1523","targetHints":{"allow":["GET"]}}],"collection":[{"href":"https:\/\/www.best-dentist-dentistry.com\/de\/wp-json\/wp\/v2\/posts"}],"about":[{"href":"https:\/\/www.best-dentist-dentistry.com\/de\/wp-json\/wp\/v2\/types\/post"}],"author":[{"embeddable":true,"href":"https:\/\/www.best-dentist-dentistry.com\/de\/wp-json\/wp\/v2\/users\/1"}],"replies":[{"embeddable":true,"href":"https:\/\/www.best-dentist-dentistry.com\/de\/wp-json\/wp\/v2\/comments?post=1523"}],"version-history":[{"count":0,"href":"https:\/\/www.best-dentist-dentistry.com\/de\/wp-json\/wp\/v2\/posts\/1523\/revisions"}],"wp:attachment":[{"href":"https:\/\/www.best-dentist-dentistry.com\/de\/wp-json\/wp\/v2\/media?parent=1523"}],"wp:term":[{"taxonomy":"category","embeddable":true,"href":"https:\/\/www.best-dentist-dentistry.com\/de\/wp-json\/wp\/v2\/categories?post=1523"},{"taxonomy":"post_tag","embeddable":true,"href":"https:\/\/www.best-dentist-dentistry.com\/de\/wp-json\/wp\/v2\/tags?post=1523"}],"curies":[{"name":"wp","href":"https:\/\/api.w.org\/{rel}","templated":true}]}}