{"id":15355,"date":"2012-09-11T03:29:24","date_gmt":"2012-09-11T03:29:24","guid":{"rendered":null},"modified":"-0001-11-30T00:00:00","modified_gmt":"-0001-11-30T00:00:00","slug":"the-cecova-welcomed-the-appointment-of-isabel-miguel-as-head-of-nursing-affairs-of-the-cabinet-of-the-minister-of-health","status":"publish","type":"post","link":"https:\/\/www.best-dentist-dentistry.com\/de\/the-cecova-welcomed-the-appointment-of-isabel-miguel-as-head-of-nursing-affairs-of-the-cabinet-of-the-minister-of-health\/15355","title":{"rendered":"Die CECOVA begr\u00fc\u00dfte die Ernennung von Isabel Miguel als Leiter der Krankenpflege Angelegenheiten des Schrankes des Ministers f\u00fcr Gesundheit."},"content":{"rendered":"<p><strong>The CECOVA begr\u00fc\u00dfte die Ernennung von Elizabeth Michael als Leiter des Kabinetts des Ministers f\u00fcr Gesundheit, Krankenpflege Angelegenheiten. <\/p>\n<p><\/strong><font size=\"2\"> <strong>nach Auffassung der Organisation College war es wichtig, diese Posten des hohen Bereich, Decken als Ma\u00dfstab f\u00fcr alle die kollektive Krankenschwester Interlocution. <br \/><\/strong> <br \/><strong>Spanien, September 2012.-<\/strong> Die College-Organisation der Krankenpflege der valencianischen Gemeinschaft m\u00f6chte seine Zufriedenheit \u00fcber die Ernennung der Krankenschwester Elisabeth von Miguel Montoya, professionell mit langj\u00e4hriger Erfahrung im Bereich der Verwaltung, f\u00fcr Angelegenheiten der Pflege des Schrankes des Ministers f\u00fcr Gesundheit, Luis Rosado; eine Initiative, die zum Beruf Krankenschwester die Anwesenheit im leitenden Angestellten der Abteilung nach dem Weggang von der gleichen S\u00e4ule Ripoll der Generaldirektion der hochwertigen Gesundheitsversorgung und Aufmerksamkeit gegen\u00fcber dem Patienten zur\u00fcckgibt. Nach dem Ausgang war die Ernennung einer Person v\u00f6llig fremd, die kollektive Krankenschwester als neue Berater des Schrankes des Ministers f\u00fcr Gesundheit, f\u00fchrte zu einem tiefen Unbehagen unter den Beruf Krankenpflege. <\/p>\n<p>Krankenpflege-Rat die Valencianische Gemeinschaft (CECOVA) und der beruflichen Schulen der Krankenpflege in Valencia, Castell\u00f3n y Alicante der Auffassung, das Vorhandensein einer Krankenschwester in diesem Beitrag von gro\u00dfer Bedeutung f\u00fcr die F\u00e4higkeit zum Dialog der gleichen und f\u00fcr das gemeinsame regionale Krankenschwester Referenz Zeichen ist. <\/p>\n<p>Auf diese Weise die CECOVA durch seinen Pr\u00e4sidenten, Jose Antonio Avila, sagte, die  von Gerechtigkeit und Recht auf den Beruf Krankenschwester verdient es, an der Spitze der Gesundheitsmanagement der valencianischen Gemeinschaft &#8221;, da  Krankenpflege hat die gleichen Kapazit\u00e4tsmanagementArbeit, Engagement und F\u00fchrung als \u00c4rzte, Apotheker oder Rechtsanw\u00e4lte, die in das Management-Team der Abteilung Gesundheit vorhanden sind &#8221;. <\/p>\n<p>Vor allem wenn das k\u00fcnftige Szenario des regionalen \u00f6ffentlichen Gesundheitssystems konzentrieren wird zur Chronifizierung und Abh\u00e4ngigkeit, Aspekte wo Krankenpflege geht auf eine relevante Rolle. Somit von dieser Geb\u00fchr ist die Nutzung des vollen Potentials der Krankenpflege voll entwickeln ihre aktuellen und zuk\u00fcnftigen F\u00e4higkeiten effizient f\u00fcr die Gesundheit von Einzelpersonen, Familien und die Gemeinschaft in einem Szenario mit Sozial- und Gesundheitsdienstleistungen beitragen zu erleichtern wo Transformationen, demographische, politische, kulturelle, wirtschaftliche schwindelerregendeGesundheit und Technik, die sie erstellen eine Situation des st\u00e4ndigen Wandels miteinander interagieren. <\/p>\n<p>Dar\u00fcber hinaus seit der CECOVA erinnerte daran, dass die kollektive Krankenschwester ist die gr\u00f6\u00dfte der Gesundheit der Gemeinschaft Valencia mit mehr als 25.000 Fachleute in der Krankenpflege. <\/p>\n<p><\/font><\/p>\n","protected":false},"excerpt":{"rendered":"<p>The CECOVA begr\u00fc\u00dfte die Ernennung von Elizabeth Michael als Leiter des Kabinetts des Ministers f\u00fcr Gesundheit, Krankenpflege Angelegenheiten. nach Auffassung der Organisation College war es wichtig, diese Posten des hohen Bereich, Decken als Ma\u00dfstab f\u00fcr alle die kollektive Krankenschwester Interlocution. Spanien, September 2012.- Die College-Organisation der Krankenpflege der valencianischen Gemeinschaft m\u00f6chte seine Zufriedenheit \u00fcber die [&hellip;]<\/p>\n","protected":false},"author":1,"featured_media":0,"comment_status":"close","ping_status":"open","sticky":false,"template":"","format":"standard","meta":{"footnotes":""},"categories":[3],"tags":[26602,26601],"class_list":["post-15355","post","type-post","status-publish","format-standard","hentry","category-allgemeine","tag-schrankes","tag-woodford","et-doesnt-have-format-content","et_post_format-et-post-format-standard"],"_links":{"self":[{"href":"https:\/\/www.best-dentist-dentistry.com\/de\/wp-json\/wp\/v2\/posts\/15355","targetHints":{"allow":["GET"]}}],"collection":[{"href":"https:\/\/www.best-dentist-dentistry.com\/de\/wp-json\/wp\/v2\/posts"}],"about":[{"href":"https:\/\/www.best-dentist-dentistry.com\/de\/wp-json\/wp\/v2\/types\/post"}],"author":[{"embeddable":true,"href":"https:\/\/www.best-dentist-dentistry.com\/de\/wp-json\/wp\/v2\/users\/1"}],"replies":[{"embeddable":true,"href":"https:\/\/www.best-dentist-dentistry.com\/de\/wp-json\/wp\/v2\/comments?post=15355"}],"version-history":[{"count":0,"href":"https:\/\/www.best-dentist-dentistry.com\/de\/wp-json\/wp\/v2\/posts\/15355\/revisions"}],"wp:attachment":[{"href":"https:\/\/www.best-dentist-dentistry.com\/de\/wp-json\/wp\/v2\/media?parent=15355"}],"wp:term":[{"taxonomy":"category","embeddable":true,"href":"https:\/\/www.best-dentist-dentistry.com\/de\/wp-json\/wp\/v2\/categories?post=15355"},{"taxonomy":"post_tag","embeddable":true,"href":"https:\/\/www.best-dentist-dentistry.com\/de\/wp-json\/wp\/v2\/tags?post=15355"}],"curies":[{"name":"wp","href":"https:\/\/api.w.org\/{rel}","templated":true}]}}