{"id":15356,"date":"2012-09-11T03:29:29","date_gmt":"2012-09-11T03:29:29","guid":{"rendered":null},"modified":"-0001-11-30T00:00:00","modified_gmt":"-0001-11-30T00:00:00","slug":"the-department-of-health-of-the-hospital-de-la-ribera-meets-with-the-alzheimers-family-associations-of-the-region-to-coordinate-actions","status":"publish","type":"post","link":"https:\/\/www.best-dentist-dentistry.com\/de\/the-department-of-health-of-the-hospital-de-la-ribera-meets-with-the-alzheimers-family-associations-of-the-region-to-coordinate-actions\/15356","title":{"rendered":"Die Abteilung der Gesundheit Krankenhaus De La Ribera trifft mit der Alzheimer Familienverb\u00e4nde der Region, Ma\u00dfnahmen zu koordinieren."},"content":{"rendered":"<p><strong>Der Abteilung der Gesundheit Krankenhaus De La Ribera trifft sich mit Alzheimer Familienverb\u00e4nde der Region, Ma\u00dfnahmen zu koordinieren. <\/p>\n<p><font size=\"2\"> die wichtigsten Ziele des Treffens wurden neue Linien der Arbeit zusammen, sowie treffen und Austausch von Meinungen und Erfahrungen. <br \/><\/strong> <\/p>\n<p><font size=\"2\">-beteiligt haben dieses Treffen der Alzheimer Familienverb\u00e4nde (AFA) von Algemes\u00ed, Benifaio, Carcaixent, Guadassuar, L &#8217; Alc\u00fadia und Alzira. Vom Ministerium f\u00fcr Gesundheit besucht haben Dr. Antonio stark, stellvertretender Direktor medizinische Betreuung und Dr. Juan Antonio Avellana, Chef der geriatrischen Abteilung Krankenhaus <\/p>\n<p> <strong>Alzira, September 2012.-<\/strong> die Abteilung der Gesundheit Krankenhaus De La Ribera trafen sich am vergangenen Donnerstag mit der Alzheimer Association (AFA)-Familienregion. Das Ziel dieses Treffens war die Put in gemeinsame Projekte und Ziele und entwickeln neue Linien der gemeinsamen Arbeit im Hinblick auf die Betreuung von Patienten in der Region mit dieser Art von Neurodegenerative Demenz. <\/p>\n<p>Am Tag der AFA Algemes\u00ed, Carcaixent, L Guadassuar Benifaio nahm &#8217; Alc\u00fadia und Alzira. Vom Ministerium f\u00fcr Gesundheit haben auch verschiedenen Fachleuten unter der Obhut dieser Krankheit als Dr. Antonio stark, stellvertretender Direktor medizinische Betreuung und Dr. Juan Antonio Avellana, Chef der geriatrischen Abteilung im Krankenhaus besucht. <\/p>\n<p>In diesem Zusammenhang ist die Einheit der Geriatrie des Fachbereich Gesundheit Hospital Universitario De La Ribera ein Referenz-Service in Valencia durch das Ansehen von seinen Fachleuten und der Altenpflege Integral, sowohl klinischen und funktionellen, k\u00f6rperlichen, geistigen, kognitive, sensorische und soziale geworden. <\/p>\n<p align=\"center\"><img loading=\"lazy\" decoding=\"async\" title=\"\" height=\"338\" alt=\"\" src=\"http:\/\/www.best-dentist-dentistry.com\/best-dentist-images\/the-department-of-health-of-the-hospital-de-la-ribera-meets-with-the-alzheimers-family-associations-of-the-region-to-coordinate-actions.JPG\" width=\"450\" align=\"baseline\" border=\"0\"\/><\/p>\n<p>Los asistentes de AFA han declarado a los profesionales del Departamento de Salud que la organizaci&oacute;n y celebraci&oacute;n de este tipo de jornadas favorecen la toma de contacto entre asociaciones, mejorar el contacto de las mismas con los diferentes profesionales sanitarios y contribuyen a incrementar la participaci&oacute;n de los ciudadanos en el &aacute;mbito de la salud. <\/p>\n<p>Unterdessen haben Experten aus dem Zentrum Krankenhaus umfassende Behandlung f\u00fcr den Patienten mit Krankheit Alzheimers durchgef\u00fchrte Aktionen erkl\u00e4rt. <\/p>\n<p><strong>21. September: Welt-Alzheimer-Tag<\/strong> <\/p>\n<p>Fr\u00fcchte dieser Zusammenarbeit, die Sitzung wurde um den Welt-Alzheimer-Tag veranstaltet die am 21. September, eine Pressekonferenz im Krankenhaus am 20. September mit der Teilnahme aller der Comarca AFA und Spezialisten der Gesundheit-Zentrum-Verb\u00e4nde gedachte ist; Au\u00dferdem sind am 21. M\u00e4rz installierte informative Tabellen im Krankenhaus und verschiedenen Gesundheitszentren mit dem Ziel der Verteilung von Material mit Tipps f\u00fcr Betreuer von Patienten. <\/p>\n<p>Schlie\u00dflich hat die Schaffung eines gemeinsamen Blog zwischen Abteilung und gewidmet dieser neuronalen Krankheit Verb\u00e4nde etabliert, und dazu bestimmt ist, News, Tipps und einschl\u00e4gigen Artikeln bieten, und Kontakt zwischen diesen Entit\u00e4ten zu erleichtern. <\/p>\n<p><\/font><\/font><\/p>\n","protected":false},"excerpt":{"rendered":"<p>Der Abteilung der Gesundheit Krankenhaus De La Ribera trifft sich mit Alzheimer Familienverb\u00e4nde der Region, Ma\u00dfnahmen zu koordinieren. die wichtigsten Ziele des Treffens wurden neue Linien der Arbeit zusammen, sowie treffen und Austausch von Meinungen und Erfahrungen. -beteiligt haben dieses Treffen der Alzheimer Familienverb\u00e4nde (AFA) von Algemes\u00ed, Benifaio, Carcaixent, Guadassuar, L &#8217; Alc\u00fadia und Alzira. [&hellip;]<\/p>\n","protected":false},"author":1,"featured_media":0,"comment_status":"close","ping_status":"open","sticky":false,"template":"","format":"standard","meta":{"footnotes":""},"categories":[3],"tags":[26603,26604,26602],"class_list":["post-15356","post","type-post","status-publish","format-standard","hentry","category-allgemeine","tag-familienverbnde","tag-meinungsaustausch","tag-schrankes","et-doesnt-have-format-content","et_post_format-et-post-format-standard"],"_links":{"self":[{"href":"https:\/\/www.best-dentist-dentistry.com\/de\/wp-json\/wp\/v2\/posts\/15356","targetHints":{"allow":["GET"]}}],"collection":[{"href":"https:\/\/www.best-dentist-dentistry.com\/de\/wp-json\/wp\/v2\/posts"}],"about":[{"href":"https:\/\/www.best-dentist-dentistry.com\/de\/wp-json\/wp\/v2\/types\/post"}],"author":[{"embeddable":true,"href":"https:\/\/www.best-dentist-dentistry.com\/de\/wp-json\/wp\/v2\/users\/1"}],"replies":[{"embeddable":true,"href":"https:\/\/www.best-dentist-dentistry.com\/de\/wp-json\/wp\/v2\/comments?post=15356"}],"version-history":[{"count":0,"href":"https:\/\/www.best-dentist-dentistry.com\/de\/wp-json\/wp\/v2\/posts\/15356\/revisions"}],"wp:attachment":[{"href":"https:\/\/www.best-dentist-dentistry.com\/de\/wp-json\/wp\/v2\/media?parent=15356"}],"wp:term":[{"taxonomy":"category","embeddable":true,"href":"https:\/\/www.best-dentist-dentistry.com\/de\/wp-json\/wp\/v2\/categories?post=15356"},{"taxonomy":"post_tag","embeddable":true,"href":"https:\/\/www.best-dentist-dentistry.com\/de\/wp-json\/wp\/v2\/tags?post=15356"}],"curies":[{"name":"wp","href":"https:\/\/api.w.org\/{rel}","templated":true}]}}