{"id":15412,"date":"2012-09-12T02:31:47","date_gmt":"2012-09-12T02:31:47","guid":{"rendered":null},"modified":"-0001-11-30T00:00:00","modified_gmt":"-0001-11-30T00:00:00","slug":"evo-morales-suffers-from-an-infection-that-forced-him-to-stand-for-two-days","status":"publish","type":"post","link":"https:\/\/www.best-dentist-dentistry.com\/de\/evo-morales-suffers-from-an-infection-that-forced-him-to-stand-for-two-days\/15412","title":{"rendered":"evo morales suffers from an infection that forced him to stand for two days"},"content":{"rendered":"<p class=\"first\"> La Paz, 24 APR (EFE).-der Pr\u00e4sident von Bolivien, Evo Morales, leidet eine &#8220;starke Infektion&#8221;, die gezwungen hat Schlaf pflegen und Adressierung \u00f6ffentliche Tagesordnung der letzten zwei Tage daran gehindert, sagte heute sein Vizepr\u00e4sident, Alvaro Garc\u00eda Linera.<\/p>\n<p>Im Rahmen einer Zeremonie in der n\u00f6rdlichen Region von Pando, an der Grenze zu Brasilien, sagte Linera, Morales, 52 Jahre alt, &#8220;Es hat eine starke Infektion gegeben&#8221;, aber nicht angeben, welche Art.<\/p>\n<p>&#8220;\u00c4rzte zwang ihn, in La Paz bleiben.&#8221; Gestern (am Montag) ist nicht gereist, heute wurde nicht in der Lage zu reisen. Hoffen Sie wir, dass morgen unser Pr\u00e4sident bereits wiederhergestellt werden kann. &#8220;Ist nicht etwas Ernstes,&#8221; hinzugef\u00fcgt.<\/p>\n<p>Morales wurde im M\u00e4rz der Dringlichkeit in einer Privatklinik in der zentralen Stadt Cochabamba interniert und seinem Zeitplan, nach dem ersten offiziellen Versionen routinem\u00e4\u00dfige medizinische Kontrollen durchf\u00fchren, obwohl die Regierung sprach von &#8220;M\u00fcdigkeit&#8221; dann ohne Vorank\u00fcndigung Quellen ausgesetzt.<\/p>\n<p>&#8220;Wie die Sonne, (Pr\u00e4sident) wird auf der einen Seite und das der K\u00f6rper h\u00e4lt nicht.&#8221; &#8220;Es gibt sechs Jahre und der Pr\u00e4sident der Tempo seit 22. Januar 2006 bis jetzt, und jede Maschine seine Probleme hat,&#8221; sagte dann Linera.<\/p>\n<p>Morales wurde zwei Tage sp\u00e4ter auf Empfehlung der \u00c4rzte &#8220;Pflege f\u00fcr deine Kraft&#8221; in Auftrag gegeben und passen ihre Zeitpl\u00e4ne f\u00fcr Mahlzeiten, hinzugef\u00fcgt am diesem Anlass Beamten.<\/p>\n<p>Bekannt f\u00fcr wenig Schlaf und Milit\u00e4r oder Botschafter Einberufung vor der Morgend\u00e4mmerung, Morales empfohlen im Januar, die seinen Ministern, die sie schlafen gut, weil es wichtiger zu essen, um zu schlafen, ist mit der Feststellung, dass, &#8220;Wenn Sie nicht schlafen, leicht kann gewordenes verr\u00fcckt&#8221;.<\/p>\n<p>Bolivianischen Pr\u00e4sidenten operiert im November 2010 von einer Sehnenentz\u00fcndung im linken Knie in der gleichen Klinik Cochabamba wurde ins Krankenhaus eingeliefert March. Letzter<\/p>\n","protected":false},"excerpt":{"rendered":"<p>La Paz, 24 APR (EFE).-der Pr\u00e4sident von Bolivien, Evo Morales, leidet eine &#8220;starke Infektion&#8221;, die gezwungen hat Schlaf pflegen und Adressierung \u00f6ffentliche Tagesordnung der letzten zwei Tage daran gehindert, sagte heute sein Vizepr\u00e4sident, Alvaro Garc\u00eda Linera. Im Rahmen einer Zeremonie in der n\u00f6rdlichen Region von Pando, an der Grenze zu Brasilien, sagte Linera, Morales, 52 [&hellip;]<\/p>\n","protected":false},"author":1,"featured_media":0,"comment_status":"close","ping_status":"open","sticky":false,"template":"","format":"standard","meta":{"footnotes":""},"categories":[3],"tags":[],"class_list":["post-15412","post","type-post","status-publish","format-standard","hentry","category-allgemeine","et-doesnt-have-format-content","et_post_format-et-post-format-standard"],"_links":{"self":[{"href":"https:\/\/www.best-dentist-dentistry.com\/de\/wp-json\/wp\/v2\/posts\/15412","targetHints":{"allow":["GET"]}}],"collection":[{"href":"https:\/\/www.best-dentist-dentistry.com\/de\/wp-json\/wp\/v2\/posts"}],"about":[{"href":"https:\/\/www.best-dentist-dentistry.com\/de\/wp-json\/wp\/v2\/types\/post"}],"author":[{"embeddable":true,"href":"https:\/\/www.best-dentist-dentistry.com\/de\/wp-json\/wp\/v2\/users\/1"}],"replies":[{"embeddable":true,"href":"https:\/\/www.best-dentist-dentistry.com\/de\/wp-json\/wp\/v2\/comments?post=15412"}],"version-history":[{"count":0,"href":"https:\/\/www.best-dentist-dentistry.com\/de\/wp-json\/wp\/v2\/posts\/15412\/revisions"}],"wp:attachment":[{"href":"https:\/\/www.best-dentist-dentistry.com\/de\/wp-json\/wp\/v2\/media?parent=15412"}],"wp:term":[{"taxonomy":"category","embeddable":true,"href":"https:\/\/www.best-dentist-dentistry.com\/de\/wp-json\/wp\/v2\/categories?post=15412"},{"taxonomy":"post_tag","embeddable":true,"href":"https:\/\/www.best-dentist-dentistry.com\/de\/wp-json\/wp\/v2\/tags?post=15412"}],"curies":[{"name":"wp","href":"https:\/\/api.w.org\/{rel}","templated":true}]}}