{"id":15418,"date":"2012-09-12T02:33:12","date_gmt":"2012-09-12T02:33:12","guid":{"rendered":null},"modified":"-0001-11-30T00:00:00","modified_gmt":"-0001-11-30T00:00:00","slug":"opus-dei-celebrates-the-50th-anniversary-of-the-clanica-universidad-de-navarra","status":"publish","type":"post","link":"https:\/\/www.best-dentist-dentistry.com\/de\/opus-dei-celebrates-the-50th-anniversary-of-the-clanica-universidad-de-navarra\/15418","title":{"rendered":"opus dei celebrates the 50th anniversary of the clanica universidad de navarra"},"content":{"rendered":"<p class=\"first\"> Pamplona, 29 Apr (EFE).-<span class=\"yshortcuts\" id=\"lw_1335726976_0\"> Das Opus Dei<\/span> hat heute mit geschlossenen eine Masse von seinem Pr\u00e4lat des 50 Jahrestages der <span class=\"yshortcuts\" id=\"lw_1335726976_2\"> Cl\u00ednica Universidad de Navarra<\/span>, zelebrieren die f\u00fchrten &#8220;f\u00fcnfzig Jahre des Dienstes&#8221; Gesellschaft, wie in seiner Predigt Javier Echevarr\u00eda hervorgehoben.<\/p>\n<p>Das Gesetz wurden von mehr als dreitausend Menschen, darunter die Regierungsbeauftragter in Navarra, Carmen Alba, der B\u00fcrgermeister von Pamplona, Enrique Maya, besucht und der Direktor der Bildung der baskischen Regierung, Jose Iribas, ben\u00f6tigt in einer Erkl\u00e4rung des Gesundheitszentrums.<\/p>\n<p>Haben neben der Pr\u00e4lat des Opus Dei Concelebrado der Eucharistie der Generalvikar der Pr\u00e4latur, Fernando Ocariz; der Vikar des Opus Dei in Spanien und Vize-Grand Chancellor der Universit\u00e4t von Navarra, Ramon Herrando; der Vikar der Opus Dei die Delegation von Pamplona, Rafael Salvador; und der Direktor der Seelsorge von der Cl\u00ednica Universidad de Navarra, Narciso S\u00e1nchez.<\/p>\n<p>In seiner Predigt Echevarr\u00eda erinnerte daran, dass der Gr\u00fcnder des Opus Dei, Jose Maria Escriva de Balaguer, zeigte &#8220;einen besonderen Antrag auf die Kranken&#8221; und war die wichtigste Triebkraft der Klinik.<\/p>\n<p>Bezog sich auch auf die Gr\u00fcndung des Opus Dei 1928, als ein &#8220;Weg der Heiligung in der professionellen Arbeit und unter normalen Umst\u00e4nden der christlichen&#8221; und wo seine Mitglieder, &#8220;f\u00fcr die Liebe der Welt, versuchen, die besten haben: seine wissenschaftliche Ausbildung, Humanist und Technik, ihren Dienst-Bem\u00fchungen und die Freude des Glaubens, die Freude an Jesus Christus gefunden zu haben&#8221;.<\/p>\n<p>Und in Bezug auf die Cl\u00ednica Universidad de Navarra, Echevarria hingewiesen, dass &#8220;Medizin und menschliche W\u00e4rme, in einem famili\u00e4ren Umfeld, sind wichtig, um die Schmerzen zu lindern, wo immer m\u00f6glich&#8221;.<\/p>\n<p>Klinik ist, hat gesagt: &#8220;eine gro\u00dfe Fabrik der Wissenschaft und der Heiligkeit&#8221;, mit &#8220;wesentlich&#8221; zur Verbesserung der Gesundheitsversorgung, sowie &#8220;relevant&#8221; seine Bedeutung f\u00fcr die Zukunft, seit Katholiken, entsprechend der Pr\u00e4lat hei\u00dfen &#8220;um die am besten geeignete Wege f\u00fcr die neue Evangelisierung der Zivilgesellschaft zu entdecken&#8221;, die &#8220;alte Modelle von Formsachen geschlossen, um den Geist zu voll in den Dienst der jedes Mannes und jeder Mann er\u00f6ffnen hinausgehen&#8221;.<\/p>\n","protected":false},"excerpt":{"rendered":"<p>Pamplona, 29 Apr (EFE).- Das Opus Dei hat heute mit geschlossenen eine Masse von seinem Pr\u00e4lat des 50 Jahrestages der Cl\u00ednica Universidad de Navarra, zelebrieren die f\u00fchrten &#8220;f\u00fcnfzig Jahre des Dienstes&#8221; Gesellschaft, wie in seiner Predigt Javier Echevarr\u00eda hervorgehoben. Das Gesetz wurden von mehr als dreitausend Menschen, darunter die Regierungsbeauftragter in Navarra, Carmen Alba, der [&hellip;]<\/p>\n","protected":false},"author":1,"featured_media":0,"comment_status":"close","ping_status":"open","sticky":false,"template":"","format":"standard","meta":{"footnotes":""},"categories":[3],"tags":[],"class_list":["post-15418","post","type-post","status-publish","format-standard","hentry","category-allgemeine","et-doesnt-have-format-content","et_post_format-et-post-format-standard"],"_links":{"self":[{"href":"https:\/\/www.best-dentist-dentistry.com\/de\/wp-json\/wp\/v2\/posts\/15418","targetHints":{"allow":["GET"]}}],"collection":[{"href":"https:\/\/www.best-dentist-dentistry.com\/de\/wp-json\/wp\/v2\/posts"}],"about":[{"href":"https:\/\/www.best-dentist-dentistry.com\/de\/wp-json\/wp\/v2\/types\/post"}],"author":[{"embeddable":true,"href":"https:\/\/www.best-dentist-dentistry.com\/de\/wp-json\/wp\/v2\/users\/1"}],"replies":[{"embeddable":true,"href":"https:\/\/www.best-dentist-dentistry.com\/de\/wp-json\/wp\/v2\/comments?post=15418"}],"version-history":[{"count":0,"href":"https:\/\/www.best-dentist-dentistry.com\/de\/wp-json\/wp\/v2\/posts\/15418\/revisions"}],"wp:attachment":[{"href":"https:\/\/www.best-dentist-dentistry.com\/de\/wp-json\/wp\/v2\/media?parent=15418"}],"wp:term":[{"taxonomy":"category","embeddable":true,"href":"https:\/\/www.best-dentist-dentistry.com\/de\/wp-json\/wp\/v2\/categories?post=15418"},{"taxonomy":"post_tag","embeddable":true,"href":"https:\/\/www.best-dentist-dentistry.com\/de\/wp-json\/wp\/v2\/tags?post=15418"}],"curies":[{"name":"wp","href":"https:\/\/api.w.org\/{rel}","templated":true}]}}