{"id":15426,"date":"2012-09-12T02:48:03","date_gmt":"2012-09-12T02:48:03","guid":{"rendered":null},"modified":"-0001-11-30T00:00:00","modified_gmt":"-0001-11-30T00:00:00","slug":"the-tenor-josa-carreras-expresses-its-commitment-with-germany-in-the-fight-against-leukemia","status":"publish","type":"post","link":"https:\/\/www.best-dentist-dentistry.com\/de\/the-tenor-josa-carreras-expresses-its-commitment-with-germany-in-the-fight-against-leukemia\/15426","title":{"rendered":"Der Tenor Jos\u00e9 Carreras dr\u00fcckt ihr Engagement mit Deutschland im Kampf gegen Leuk\u00e4mie"},"content":{"rendered":"<p class=\"first\"> Berlin, 30 jun (EFE).-der spanische Tenor Jos\u00e9 Carreras heute ausgedr\u00fcckt sein Engagement im Kampf gegen Leuk\u00e4mie mit Deutschland und bedankte sich bei die Unterst\u00fctzung der deutschen \u00d6ffentlichkeit, treu die Charity-Gala im Fernsehen Leben und jedes Jahr feiert seine Stiftung, um Mittel f\u00fcr diesen Zweck zu erh\u00f6hen.<\/p>\n<p>&#8220;Ich bin erfreut, Sie zu unserer n\u00e4chsten Charity-Gala einladen.&#8221; Der S\u00e4nger &#8220;Mit der Hilfe und Gro\u00dfz\u00fcgigkeit der au\u00dferordentliche deutsche \u00d6ffentlichkeit, mein Fundament und ich Plan weiter in den kommenden Jahren unsere wichtige Arbeit f\u00fcr die betroffenen in Deutschland&#8221;, sagte in einer Erkl\u00e4rung.<\/p>\n<p>&#8220;<\/p>\n<p>Hinzugef\u00fcgt, f\u00fchlen&#8221;eine gro\u00dfe Wertsch\u00e4tzung mit der deutschen \u00d6ffentlichkeit f\u00fcr ihre anhaltende Unterst\u00fctzung&#8221;und stellte fest, dass hart arbeiten, um in Zukunft viele Spenden durch die Jos\u00e9 Carreras Gala zu erh\u00f6hen ist der beste Weg, diese Wertsch\u00e4tzung zur\u00fcckgeben&#8221;.<\/p>\n<p>&#8220;Der 13. Dezember ist in meinen Zeitplan in diesem Jahr reserviert und werden f\u00fcr mich eine Freude, wieder in Leipzig&#8221;, Ort der Feier von diesem schon traditionellen vorweihnachtlichen Gala angek\u00fcndigt.<\/p>\n<p>-Anweisung, die gelesen werden kann, auf der Website in deutscher Sprache der Josep Carreras Stiftung gegen Leuk\u00e4mie-R\u00fcckrufe, die insgesamt 900 Projekte in Deutschland von den 100 Millionen Euro profitiert haben, die seit 1995 gesammelt wurden.<\/p>\n<p>Die &#8220;Konstante und erfolgreiche Anstrengung&#8221; von Jos\u00e9 Carreras und seine Stiftung &#8220;in einer entscheidenden Weise&#8221; in den letzten 15 Jahren zur Verbesserung der Situation der betroffenen Patienten mit einer h\u00f6heren Qualit\u00e4t und Lebenserwartung beigetragen haben, denken Sie daran, den Text.<\/p>\n<p>Dar\u00fcber hinaus die Erforschung der Leuk\u00e4mie ist erreicht worden, dank finanzieller Unterst\u00fctzung durch die Stiftung, &#8220;nicht nur gute Ergebnisse&#8221;, aber auch &#8220;eine allgemeine Verbesserung der Diagnose und Therapie der Tumorerkrankung&#8221;.<\/p>\n<p>In die 17 Ausgabe der Gala, gehalten im Dezember letzten Jahres und gefolgt von rund 4 Millionen Menschen durch die \u00f6ffentlich-rechtlichen Sender ARD, Rennen geschafft, 6,40 Millionen Euro an die Stiftung zu erh\u00f6hen leitet und darauf abzielen, den Kampf gegen Leuk\u00e4mie<\/p>\n<p>Eigenen Tenor gelungen, erfolgreich an der Leuk\u00e4mie zur\u00fcckzugewinnen, die 1987 mit seiner eigenen Knochenmark-Transplantation diagnostiziert wurde.<\/p>\n<p>Ein Jahr sp\u00e4ter, im Jahr 1988, Josep Carreras Stiftung gegen Leuk\u00e4mie und 1995 erstellt die deutsche Teilung, mit Sitz in M\u00fcnchen.<\/p>\n","protected":false},"excerpt":{"rendered":"<p>Berlin, 30 jun (EFE).-der spanische Tenor Jos\u00e9 Carreras heute ausgedr\u00fcckt sein Engagement im Kampf gegen Leuk\u00e4mie mit Deutschland und bedankte sich bei die Unterst\u00fctzung der deutschen \u00d6ffentlichkeit, treu die Charity-Gala im Fernsehen Leben und jedes Jahr feiert seine Stiftung, um Mittel f\u00fcr diesen Zweck zu erh\u00f6hen. &#8220;Ich bin erfreut, Sie zu unserer n\u00e4chsten Charity-Gala einladen.&#8221; [&hellip;]<\/p>\n","protected":false},"author":1,"featured_media":0,"comment_status":"close","ping_status":"open","sticky":false,"template":"","format":"standard","meta":{"footnotes":""},"categories":[3],"tags":[26683,26682],"class_list":["post-15426","post","type-post","status-publish","format-standard","hentry","category-allgemeine","tag-carreras","tag-tenor","et-doesnt-have-format-content","et_post_format-et-post-format-standard"],"_links":{"self":[{"href":"https:\/\/www.best-dentist-dentistry.com\/de\/wp-json\/wp\/v2\/posts\/15426","targetHints":{"allow":["GET"]}}],"collection":[{"href":"https:\/\/www.best-dentist-dentistry.com\/de\/wp-json\/wp\/v2\/posts"}],"about":[{"href":"https:\/\/www.best-dentist-dentistry.com\/de\/wp-json\/wp\/v2\/types\/post"}],"author":[{"embeddable":true,"href":"https:\/\/www.best-dentist-dentistry.com\/de\/wp-json\/wp\/v2\/users\/1"}],"replies":[{"embeddable":true,"href":"https:\/\/www.best-dentist-dentistry.com\/de\/wp-json\/wp\/v2\/comments?post=15426"}],"version-history":[{"count":0,"href":"https:\/\/www.best-dentist-dentistry.com\/de\/wp-json\/wp\/v2\/posts\/15426\/revisions"}],"wp:attachment":[{"href":"https:\/\/www.best-dentist-dentistry.com\/de\/wp-json\/wp\/v2\/media?parent=15426"}],"wp:term":[{"taxonomy":"category","embeddable":true,"href":"https:\/\/www.best-dentist-dentistry.com\/de\/wp-json\/wp\/v2\/categories?post=15426"},{"taxonomy":"post_tag","embeddable":true,"href":"https:\/\/www.best-dentist-dentistry.com\/de\/wp-json\/wp\/v2\/tags?post=15426"}],"curies":[{"name":"wp","href":"https:\/\/api.w.org\/{rel}","templated":true}]}}