{"id":15482,"date":"2012-09-12T02:59:25","date_gmt":"2012-09-12T02:59:25","guid":{"rendered":null},"modified":"-0001-11-30T00:00:00","modified_gmt":"-0001-11-30T00:00:00","slug":"forest-fires-in-the-canary-islands-and-the-west-of-spain-a-dead-man","status":"publish","type":"post","link":"https:\/\/www.best-dentist-dentistry.com\/de\/forest-fires-in-the-canary-islands-and-the-west-of-spain-a-dead-man\/15482","title":{"rendered":"forest fires in the canary islands and the west of spain a dead man"},"content":{"rendered":"<p class=\"first\"> drei Waldbr\u00e4nde pl\u00e4dierte Samstag im spanischen Archipel der Kanarischen Inseln, f\u00fcgen ein Feuer auf der Halbinsel, nahe der Grenze zu Portugal, in die ein Soldat starb und drei weitere wurden verletzt, Beh\u00f6rden berichteten.<\/p>\n<p>\u00dcber 845 ha sind betroffen von den Flammen in der Stadt von Mazo, auf der Kanarischen Insel von La Palma, sagte Journalisten der Generaldirektor der Regionalregierung, Juan Manuel Santana Notfall.<\/p>\n<p>Sechs Hubschrauber und 200 Feuerwehrleute bek\u00e4mpften das Feuer, das gezwungen Evakuierung von 70 Personen, und st\u00fctzte sich auf einen R\u00fcckgang bei Temperaturen geplant f\u00fcr Sonntag, hinzugef\u00fcgt kontrollieren w\u00fcrde.<\/p>\n<p>Anderen zwei kleinere Br\u00e4nde wurden auch auf der Insel La Gomera erkl\u00e4rt, im Sommer Wald Br\u00e4nde sind gewaltt\u00e4tig besonders in Spanien, wo das Terrain trocken nach dem Winter mit weniger Niederschlag ist, die das Land in sieben Jahrzehnte.<\/p>\n<p>Mitglied des Notfalls Referats Armee starben und drei weitere wurden verletzt am Samstag zu seinem LKW einen Hang entlang fallen w\u00e4hrend der Teilnahme an den Aufgaben der L\u00f6schen eines Brandes am Vortag in der Region Extremadura (West), nahe der Grenze zu Portugal.<\/p>\n<p>\u00dcber 450 Soldaten, zwischen Milit\u00e4r und Feuerwehr, dort k\u00e4mpfte die Flammen mit der Unterst\u00fctzung von 20 Luftbild Medien, bis das Feuer in den sp\u00e4ten Nachmittag, stabilisiert wurde berichtet, die Regierung von Extremadura.<\/p>\n<p>&#8220;Die Luft wird zur\u00fcckgezogen w\u00e4hrend der Nacht und sie werden weiterhin im Bereich&#8221; die Mittel, um &#8220;* cool Hot Spots so still und \u00fcberwachten&#8221;, um m\u00f6gliche Reproduktionen zu vermeiden, sagte in einer Erkl\u00e4rung.<\/p>\n<p>Ein Sprecher der Landesregierung, von AFP, kontaktiert nicht konnten angeben, wie viele Hektar Vegetation von den Flammen betroffen waren deren Virulenz Vorabend 300 Insassen des camping evakuiert wurde.<\/p>\n<p>Am 22. Juli ein sehr heftigen Feuer deklariert in Katalonien (Nordosten), an der Grenze zu Frankreich und verw\u00fcstete fast 14.000 Hektar. Starben vier Menschen, drei von Ihnen Franz\u00f6sisch,.<\/p>\n<p>Die verheerendsten Waldbr\u00e4nde aufgezeichneten bisher in Spanien zerst\u00f6rt Anfang Juli etwa 50.000 Hektar in der Region Valencia (Osten).<\/p>\n<p>Ein Feuerwehrmann versucht, einen Waldbrand in Girona Stadt von Dispose, in der N\u00e4he von La Junquera, an der Grenze zu Frankreich, am 23. Juli auszul\u00f6schen.<\/p>\n","protected":false},"excerpt":{"rendered":"<p>drei Waldbr\u00e4nde pl\u00e4dierte Samstag im spanischen Archipel der Kanarischen Inseln, f\u00fcgen ein Feuer auf der Halbinsel, nahe der Grenze zu Portugal, in die ein Soldat starb und drei weitere wurden verletzt, Beh\u00f6rden berichteten. \u00dcber 845 ha sind betroffen von den Flammen in der Stadt von Mazo, auf der Kanarischen Insel von La Palma, sagte Journalisten [&hellip;]<\/p>\n","protected":false},"author":1,"featured_media":0,"comment_status":"close","ping_status":"open","sticky":false,"template":"","format":"standard","meta":{"footnotes":""},"categories":[3],"tags":[],"class_list":["post-15482","post","type-post","status-publish","format-standard","hentry","category-allgemeine","et-doesnt-have-format-content","et_post_format-et-post-format-standard"],"_links":{"self":[{"href":"https:\/\/www.best-dentist-dentistry.com\/de\/wp-json\/wp\/v2\/posts\/15482","targetHints":{"allow":["GET"]}}],"collection":[{"href":"https:\/\/www.best-dentist-dentistry.com\/de\/wp-json\/wp\/v2\/posts"}],"about":[{"href":"https:\/\/www.best-dentist-dentistry.com\/de\/wp-json\/wp\/v2\/types\/post"}],"author":[{"embeddable":true,"href":"https:\/\/www.best-dentist-dentistry.com\/de\/wp-json\/wp\/v2\/users\/1"}],"replies":[{"embeddable":true,"href":"https:\/\/www.best-dentist-dentistry.com\/de\/wp-json\/wp\/v2\/comments?post=15482"}],"version-history":[{"count":0,"href":"https:\/\/www.best-dentist-dentistry.com\/de\/wp-json\/wp\/v2\/posts\/15482\/revisions"}],"wp:attachment":[{"href":"https:\/\/www.best-dentist-dentistry.com\/de\/wp-json\/wp\/v2\/media?parent=15482"}],"wp:term":[{"taxonomy":"category","embeddable":true,"href":"https:\/\/www.best-dentist-dentistry.com\/de\/wp-json\/wp\/v2\/categories?post=15482"},{"taxonomy":"post_tag","embeddable":true,"href":"https:\/\/www.best-dentist-dentistry.com\/de\/wp-json\/wp\/v2\/tags?post=15482"}],"curies":[{"name":"wp","href":"https:\/\/api.w.org\/{rel}","templated":true}]}}