{"id":15530,"date":"2012-09-13T02:36:30","date_gmt":"2012-09-13T02:36:30","guid":{"rendered":null},"modified":"-0001-11-30T00:00:00","modified_gmt":"-0001-11-30T00:00:00","slug":"the-ec-gives-another-5-million-euros-to-combat-food-crisis-in-yemen","status":"publish","type":"post","link":"https:\/\/www.best-dentist-dentistry.com\/de\/the-ec-gives-another-5-million-euros-to-combat-food-crisis-in-yemen\/15530","title":{"rendered":"the ec gives another 5 million euros to combat food crisis in yemen"},"content":{"rendered":"<p class=\"first\"> Br\u00fcssel, 21. Mai (<span class=\"yshortcuts\" id=\"lw_1337602400_6\"> EFE<\/span>).-<span class=\"yshortcuts\" id=\"lw_1337602400_1\"> Die Europ\u00e4ische Kommission<\/span> (EC) hat heute bekannt gegeben, dass es EUR 5 Millionen mehr in Soforthilfe gegen die Nahrungsmittelkrise mit Blick auf die Bev\u00f6lkerung in den Jemen hat.<\/p>\n<p>Kommission sagte in einer Erkl\u00e4rung, dass die Preise von Unterern\u00e4hrung in einigen Gebieten des Landes in der Welt am h\u00f6chsten sind und die Krise ist &#8220;komplexere&#8221; \u00fcber die Verschlechterung der wirtschaftlichen Lage, die Zunahme der vertriebenen Bev\u00f6lkerung und die Ankunft der neuen Fl\u00fcchtlinge aus dem Horn von Afrika.<\/p>\n<p>Au\u00dferdem die Aktivit\u00e4t von Al-Qaida ist in dem Land, da die popul\u00e4ren Revolte gegen das Regime von Ali Abdullah Saleh, vor mehr als einem Jahr deren endg\u00fcltige Ausgabe der macht Ende Februar ausbrach erfolgte, gestiegen und heute mindestens 61 Menschen starben bei einem Selbstmordanschlag, der Polizei-Quellen zu Al-Qaida zugeschrieben.<\/p>\n<p>&#8220;Die Krise im Jemen &rsquo;s gone vom schlechten zu verzweifelt,&#8221; sagte EU-Kommissarin f\u00fcr humanit\u00e4re Hilfe, Kristalina Georgieva, wer daran erinnert, dass 44 % der jemenitischen Bev\u00f6lkerung mit &#8220;geringen Lebensmittelrationen&#8221; \u00fcberlebt.<\/p>\n<p>Georgieva sagte, dass die Kommission beschlossen hat, ihre Hilfe zu erh\u00f6hen, nicht nur, weil sie ben\u00f6tigen, um zu verhindern, dass Unterern\u00e4hrung, &#8220;sondern auch weil der Hunger und Leid nur den empfindlichen \u00dcbergang im Gange destabilisieren k\u00f6nnen&#8221;.<\/p>\n<p>Der vergangenen April 23, der Kommissar besuchte in Riad eine internationale Konferenz, organisiert von der Gruppe der Freunde des Jemen, die versuchte, einen Weg, um das Land aus der Armut zu entwerfen.<\/p>\n<p>Neue Mittel durch die EG, heute wird dazu dienen, Zugang zu Trinkwasser zu verbessern, unterst\u00fctzen Ern\u00e4hrungsprogramme oder bieten fast 200.000 Menschen Summen Bargeld.<\/p>\n<p>Vorerst, die Kommission hat mobilisiert rund 20 Millionen Euro an humanit\u00e4rer Hilfe nach Jemen dieses Jahr um Schutzh\u00fctten und Gesundheits-Projekte zu finanzieren und Verwalten von Fl\u00fcchtlingslagern.<\/p>\n<p>The EC daran erinnert, dass der Jemen das \u00e4rmste Land der arabischen Halbinsel, ist wo mehr als 43 % der Bev\u00f6lkerung lebt unterhalb der Armutsgrenze, von weniger als $2 pro Tag, und erh\u00e4lt die Unterern\u00e4hrung Zweidecker h\u00f6chsten in der Welt. EFE<\/p>\n","protected":false},"excerpt":{"rendered":"<p>Br\u00fcssel, 21. Mai ( EFE).- Die Europ\u00e4ische Kommission (EC) hat heute bekannt gegeben, dass es EUR 5 Millionen mehr in Soforthilfe gegen die Nahrungsmittelkrise mit Blick auf die Bev\u00f6lkerung in den Jemen hat. Kommission sagte in einer Erkl\u00e4rung, dass die Preise von Unterern\u00e4hrung in einigen Gebieten des Landes in der Welt am h\u00f6chsten sind und [&hellip;]<\/p>\n","protected":false},"author":1,"featured_media":0,"comment_status":"close","ping_status":"open","sticky":false,"template":"","format":"standard","meta":{"footnotes":""},"categories":[3],"tags":[],"class_list":["post-15530","post","type-post","status-publish","format-standard","hentry","category-allgemeine","et-doesnt-have-format-content","et_post_format-et-post-format-standard"],"_links":{"self":[{"href":"https:\/\/www.best-dentist-dentistry.com\/de\/wp-json\/wp\/v2\/posts\/15530","targetHints":{"allow":["GET"]}}],"collection":[{"href":"https:\/\/www.best-dentist-dentistry.com\/de\/wp-json\/wp\/v2\/posts"}],"about":[{"href":"https:\/\/www.best-dentist-dentistry.com\/de\/wp-json\/wp\/v2\/types\/post"}],"author":[{"embeddable":true,"href":"https:\/\/www.best-dentist-dentistry.com\/de\/wp-json\/wp\/v2\/users\/1"}],"replies":[{"embeddable":true,"href":"https:\/\/www.best-dentist-dentistry.com\/de\/wp-json\/wp\/v2\/comments?post=15530"}],"version-history":[{"count":0,"href":"https:\/\/www.best-dentist-dentistry.com\/de\/wp-json\/wp\/v2\/posts\/15530\/revisions"}],"wp:attachment":[{"href":"https:\/\/www.best-dentist-dentistry.com\/de\/wp-json\/wp\/v2\/media?parent=15530"}],"wp:term":[{"taxonomy":"category","embeddable":true,"href":"https:\/\/www.best-dentist-dentistry.com\/de\/wp-json\/wp\/v2\/categories?post=15530"},{"taxonomy":"post_tag","embeddable":true,"href":"https:\/\/www.best-dentist-dentistry.com\/de\/wp-json\/wp\/v2\/tags?post=15530"}],"curies":[{"name":"wp","href":"https:\/\/api.w.org\/{rel}","templated":true}]}}