{"id":15662,"date":"2012-09-14T02:41:04","date_gmt":"2012-09-14T02:41:04","guid":{"rendered":null},"modified":"-0001-11-30T00:00:00","modified_gmt":"-0001-11-30T00:00:00","slug":"the-president-of-the-acn-asks-governments-for-greater-involvement-in-mental-health","status":"publish","type":"post","link":"https:\/\/www.best-dentist-dentistry.com\/de\/the-president-of-the-acn-asks-governments-for-greater-involvement-in-mental-health\/15662","title":{"rendered":"Der Pr\u00e4sident der ACN fordert Regierungen st\u00e4rkere Einbeziehung in die psychische Gesundheit"},"content":{"rendered":"<p class=\"first\"> SANTA CRUZ DE TENERIFE, 8 (EUROPA PRESS)<\/p>\n<p>Der Pr\u00e4sident von der Association Canaria der Neuropsychiatrie (ACN), Francisco Rodriguez Pulido, hatte Freitag die Notwendigkeit betont, dass Regierungen eine st\u00e4rkere Einbindung in die psychische Gesundheit, weil die Schnitte und Privatisierung &#8220;nicht ber\u00fccksichtigt die Bed\u00fcrfnisse der Bev\u00f6lkerung&#8221; und &#8220;unzureichend&#8221;.<\/p>\n<p>So dass es in der XXV Kongress der psychischen Gesundheit der nationalen Agentur f\u00fcr Neuropsychiatrie (AEN), gehalten in Adeje (Teneriffa), ausgestellt hat und wo morgen wird im formalen Mental Health Forum geboren und werden ver\u00f6ffentlicht der Erkl\u00e4rung Teneriffa.<\/p>\n<p>Francisco Rodriguez Pulido hat erkl\u00e4rt, dass diese Initiativen werden m\u00f6chten &#8220;ein vorher und ein nach&#8221; psychische Gesundheit in Spanien und eine Anleitung zur Verteidigung eines psychischen-Modells &#8220;mehr Solidarit\u00e4t und im Dienste der Gesellschaft als Ganzes&#8221;.<\/p>\n<p>Also, das Mental Health Forum entpuppt sich als eine Plattform und ein gemeinsamer Raum von verschiedenen Organisationen und Fachleute im psychischen, Patienten und Familien, Vereine, Hochschulen, unter anderen Gruppen gebildet. Ihr Ziel ist zu teilen, reflektieren und express die Sorge, die f\u00fcr den aktuellen Status der psychischen Gesundheit in Spanien vorhanden ist. <\/p>\n<p>In diesem Zusammenhang die Einrichtung des Programms Forum sagt, dass &#8220;K\u00fcrzungen und Privatisierungen stellen ein Modell basierend nur auf Dienstleistungen f\u00fcr Krankheit, entschied im Voraus im Gesundheitswesen Angebot und ohne Ber\u00fccksichtigung der Bed\u00fcrfnisse der Bev\u00f6lkerung, je nachdem, wer verwaltet und in dem Wettbewerb der Zusammenarbeit und des Marktes an Menschen ersetzt.&#8221; &#8220;Das Thema mit Geschichte, Werte und Rechte ist ersetzt durch die Ware Mensch&#8221;.<\/p>\n<p>F\u00fcr Rodriguez Pulido, &#8220;steht auf dem Spiel steht des Modells der Gesellschaft in der wir leben wollen&#8221;, das hei\u00dft, warum dieses Forum f\u00fcr Wetten &#8220;eine gerechtere Gesellschaft, wo herrschen die Werte der Solidarit\u00e4t, Kooperation, Engagement, Beteiligung, so dass es m\u00f6glich ist, die Rechte der gesamten Bev\u00f6lkerung zu befriedigen&#8221;.<\/p>\n<p>Erkl\u00e4rung von Teneriffa<\/p>\n<p>Derived aus der Verfassung der Forum der psychischen Gesundheit, XXV Kongresses der NEA hat die Erkl\u00e4rung von Teneriffa, ein Grundsatzprogramm artikuliert in zehn Punkten zusammenfassen eines Modells der Geistesgesundheit Gemeinschaft und partizipative, fordert die Unterst\u00fctzung der Verwaltungen, die Leben der Patienten und ihrer Familien zu verbessern ausgegeben.<\/p>\n<p>Diese Aussage st\u00fctzt sich auch auf ein Modell-Volksgesundheit, arbeitet ohne Ausgrenzung und Quelldateien vergleichende unerlaubter Handlung zwischen Individuen und den autonomen Gemeinschaften, und Gemeinschaft \u00f6ffentliche Gesundheit unter Beteiligung von Fachleuten, Patienten und Angeh\u00f6rigen eine echte und wirksame Weise, sowie durch die F\u00f6rderung der Pr\u00e4vention und Forschung bef\u00fcrwortet.<\/p>\n<p>, Die zehnte und letzte Punkt von Teneriffa Erkl\u00e4rung sieht vor, dass &#8220;unsere Bereitschaft zur Zusammenarbeit als soziale Organisationen und B\u00fcrger Ziele verfolgt, Regierungen zu verklagen und verantwortlich f\u00fcr die Umsetzung der Ma\u00dfnahmen notwendig, um bessere Leistungen in der Bildung der psychischen Gesundheit der Bev\u00f6lkerung zu erhalten und f\u00f6rdern den Kampf gegen Stigmatisierung und Diskriminierung&#8221;.<\/p>\n","protected":false},"excerpt":{"rendered":"<p>SANTA CRUZ DE TENERIFE, 8 (EUROPA PRESS) Der Pr\u00e4sident von der Association Canaria der Neuropsychiatrie (ACN), Francisco Rodriguez Pulido, hatte Freitag die Notwendigkeit betont, dass Regierungen eine st\u00e4rkere Einbindung in die psychische Gesundheit, weil die Schnitte und Privatisierung &#8220;nicht ber\u00fccksichtigt die Bed\u00fcrfnisse der Bev\u00f6lkerung&#8221; und &#8220;unzureichend&#8221;. So dass es in der XXV Kongress der psychischen [&hellip;]<\/p>\n","protected":false},"author":1,"featured_media":0,"comment_status":"close","ping_status":"open","sticky":false,"template":"","format":"standard","meta":{"footnotes":""},"categories":[3],"tags":[26942,26941],"class_list":["post-15662","post","type-post","status-publish","format-standard","hentry","category-allgemeine","tag-acn","tag-thomas-exconseller","et-doesnt-have-format-content","et_post_format-et-post-format-standard"],"_links":{"self":[{"href":"https:\/\/www.best-dentist-dentistry.com\/de\/wp-json\/wp\/v2\/posts\/15662","targetHints":{"allow":["GET"]}}],"collection":[{"href":"https:\/\/www.best-dentist-dentistry.com\/de\/wp-json\/wp\/v2\/posts"}],"about":[{"href":"https:\/\/www.best-dentist-dentistry.com\/de\/wp-json\/wp\/v2\/types\/post"}],"author":[{"embeddable":true,"href":"https:\/\/www.best-dentist-dentistry.com\/de\/wp-json\/wp\/v2\/users\/1"}],"replies":[{"embeddable":true,"href":"https:\/\/www.best-dentist-dentistry.com\/de\/wp-json\/wp\/v2\/comments?post=15662"}],"version-history":[{"count":0,"href":"https:\/\/www.best-dentist-dentistry.com\/de\/wp-json\/wp\/v2\/posts\/15662\/revisions"}],"wp:attachment":[{"href":"https:\/\/www.best-dentist-dentistry.com\/de\/wp-json\/wp\/v2\/media?parent=15662"}],"wp:term":[{"taxonomy":"category","embeddable":true,"href":"https:\/\/www.best-dentist-dentistry.com\/de\/wp-json\/wp\/v2\/categories?post=15662"},{"taxonomy":"post_tag","embeddable":true,"href":"https:\/\/www.best-dentist-dentistry.com\/de\/wp-json\/wp\/v2\/tags?post=15662"}],"curies":[{"name":"wp","href":"https:\/\/api.w.org\/{rel}","templated":true}]}}