{"id":15670,"date":"2012-09-14T02:41:57","date_gmt":"2012-09-14T02:41:57","guid":{"rendered":null},"modified":"-0001-11-30T00:00:00","modified_gmt":"-0001-11-30T00:00:00","slug":"madrid-tops-the-list-of-autonomies-with-highest-number-of-private-medical-insurance","status":"publish","type":"post","link":"https:\/\/www.best-dentist-dentistry.com\/de\/madrid-tops-the-list-of-autonomies-with-highest-number-of-private-medical-insurance\/15670","title":{"rendered":"madrid tops the list of autonomies with highest number of private medical insurance"},"content":{"rendered":"<p class=\"first\"> Barcelona, 11 jun (EFE).-Madrid ist die Gemeinde mit der gr\u00f6\u00dften Anzahl von Menschen mit einigen vertraglich private Krankenversicherung, 36 Prozent, gefolgt von Catalonia (32,8 %), Baskenland (28,9 %), Aragon (28,3 %) und Balearen (28 %), nach einem Bericht des Instituts f\u00fcr die Entwicklung und Integration von Gesundheit (IDIS) pr\u00e4sentierte heute.<\/p>\n<p>Der Gesundheitsminister der Generalitat von Katalonien, Boi-Ruiz, das hat mit dem ge\u00f6ffnete Sitzungen in denen hat die Bericht von der IDIS, hat ausgeschlossen, dass der Anteil der Bev\u00f6lkerung mit privaten Gesundheit mit der aktuellen wirtschaftlichen Situation oder K\u00fcrzungen betrifft.<\/p>\n<p>&#8220;Die Krise wirkt sich auf soziale Schichten, die nur den zus\u00e4tzlichen Aufwand nicht leisten k\u00f6nnen&#8221;, dass es eine Politik, betonte die Regionalminister.<\/p>\n<p>IDIS &#8220;Gesundheit-privat, Wert&#8221; Bericht unterstreicht die wichtige Rolle des privaten Sektors, die 33 % der Krankenhausbetten und 51 % der spanischen Krankenh\u00e4user beitr\u00e4gt.<\/p>\n<p>Mit Aufwand, das rund 2,5 % des BIP, den privaten Sektor tr\u00e4gt zur Erg\u00e4nzung der \u00f6ffentlichen Investitionen in die Gesundheit, die liegt bei 7 %, und unterh\u00e4lt guten Gesundheit trotz der aktuellen wirtschaftlichen Situation.<\/p>\n<p>&#8220;Private Gesundheit w\u00e4chst trotz der Krise&#8221;, heute der Generalsekret\u00e4r der IDIS, Juan Abarca, in der Vorstellung des Berichts im Quiron Hospital in Barcelona hervorgehoben.<\/p>\n<p>Das Volumen der Pr\u00e4mien in Spanien stieg um 3 % 2011 ab 2010, w\u00e4hrend die Zahl der Mitglieder einen leichten Anstieg von 0,6 % im dritten Quartal 2011 gegen\u00fcber dem Vergleichszeitraum 2011 registriert.<\/p>\n<p>Der Bericht betont, dass private &#8220;decongests&#8221; \u00f6ffentliche Gesundheit und stellt fest, dass Regionen mit gr\u00f6\u00dferen Eindringen in die gegenseitige &#8211; Madrid, Katalonien und den Balearen &#8211; haben eine niedrigere Gesundheitsbudget.<\/p>\n<p>Bericht von der IDIS enth\u00e4lt ein Barometer f\u00fcr die private Gesundheit, basierend auf einer Stichprobe von 2.179 Spanier, die zeigt, dass nur 10 % der Versicherten nicht nie das \u00f6ffentliche System verwendet hat.<\/p>\n<p>Bedingungen Baviera sowie gyn\u00e4kologischen und dermatologischen Fragen im Zusammenhang mit Abfragen sind die zwei Hauptgr\u00fcnde, warum Mitglieder die Dienste von privaten Vorjahr verwendet.<\/p>\n<p>Der Bericht betont der gegenseitige durchschnittliche Anteil an Spanien liegt am 56 Euro im Monat, eine &#8220;l\u00e4cherliche&#8221; Menge f\u00fcr den Generalsekret\u00e4r der IDIS, wenn man bedenkt, dass die Qualit\u00e4t des Service.<\/p>\n<p>Dem Bericht zufolge Befragten geben bessere Note f\u00fcr private Gesundheit, die der \u00d6ffentlichkeit und legte ein 8,6 bei Spitaleintritt Pflege und eine 8 in die Notaufnahme.<\/p>\n<p>IDIS vereint neun Versicherungen die 77 % des Marktes im Volumen von Pr\u00e4mien und 120 Krankenh\u00e4usern dieses Konto f\u00fcr 25 % der privaten Krankenhaussektor.<\/p>\n","protected":false},"excerpt":{"rendered":"<p>Barcelona, 11 jun (EFE).-Madrid ist die Gemeinde mit der gr\u00f6\u00dften Anzahl von Menschen mit einigen vertraglich private Krankenversicherung, 36 Prozent, gefolgt von Catalonia (32,8 %), Baskenland (28,9 %), Aragon (28,3 %) und Balearen (28 %), nach einem Bericht des Instituts f\u00fcr die Entwicklung und Integration von Gesundheit (IDIS) pr\u00e4sentierte heute. Der Gesundheitsminister der Generalitat von [&hellip;]<\/p>\n","protected":false},"author":1,"featured_media":0,"comment_status":"close","ping_status":"open","sticky":false,"template":"","format":"standard","meta":{"footnotes":""},"categories":[3],"tags":[],"class_list":["post-15670","post","type-post","status-publish","format-standard","hentry","category-allgemeine","et-doesnt-have-format-content","et_post_format-et-post-format-standard"],"_links":{"self":[{"href":"https:\/\/www.best-dentist-dentistry.com\/de\/wp-json\/wp\/v2\/posts\/15670","targetHints":{"allow":["GET"]}}],"collection":[{"href":"https:\/\/www.best-dentist-dentistry.com\/de\/wp-json\/wp\/v2\/posts"}],"about":[{"href":"https:\/\/www.best-dentist-dentistry.com\/de\/wp-json\/wp\/v2\/types\/post"}],"author":[{"embeddable":true,"href":"https:\/\/www.best-dentist-dentistry.com\/de\/wp-json\/wp\/v2\/users\/1"}],"replies":[{"embeddable":true,"href":"https:\/\/www.best-dentist-dentistry.com\/de\/wp-json\/wp\/v2\/comments?post=15670"}],"version-history":[{"count":0,"href":"https:\/\/www.best-dentist-dentistry.com\/de\/wp-json\/wp\/v2\/posts\/15670\/revisions"}],"wp:attachment":[{"href":"https:\/\/www.best-dentist-dentistry.com\/de\/wp-json\/wp\/v2\/media?parent=15670"}],"wp:term":[{"taxonomy":"category","embeddable":true,"href":"https:\/\/www.best-dentist-dentistry.com\/de\/wp-json\/wp\/v2\/categories?post=15670"},{"taxonomy":"post_tag","embeddable":true,"href":"https:\/\/www.best-dentist-dentistry.com\/de\/wp-json\/wp\/v2\/tags?post=15670"}],"curies":[{"name":"wp","href":"https:\/\/api.w.org\/{rel}","templated":true}]}}