{"id":15698,"date":"2012-09-14T02:56:11","date_gmt":"2012-09-14T02:56:11","guid":{"rendered":null},"modified":"-0001-11-30T00:00:00","modified_gmt":"-0001-11-30T00:00:00","slug":"several-forest-fires-are-still-burning-in-spain","status":"publish","type":"post","link":"https:\/\/www.best-dentist-dentistry.com\/de\/several-forest-fires-are-still-burning-in-spain\/15698","title":{"rendered":"Mehrere Waldbr\u00e4nde brennen in Spanien noch"},"content":{"rendered":"<p class=\"first\"> MADRID (Reuters) &#8211; zwei Menschen sind gestorben und Tausende mussten evakuiert werden in Spanien, in eine Welle von Waldbr\u00e4nden in Alicante, die Kanarischen Inseln, Galizien und Ciudad Real am Wochenende hei\u00df was Sommer.<\/p>\n<p>Der beiden verstorbenen, ein Agent der Umgebung und eine mit der Brigaden, wurden Opfer eines Brandes in Torremanzanas, Alicante, best\u00e4tigt ein Sprecher f\u00fcr Notf\u00e4lle in der Region.<\/p>\n<p>&#8220;(Tod) wurde gestern best\u00e4tigt, dass es ein Medioamiental-Agent, und heute Morgen wurde ein mit der Brigaden, die im Krankenhaus geblieben&#8221;, bemerkte die Sprecher wies darauf hin, dass andere zwei Brigade-Mitglieder zugelassen sind, f\u00fcr Wunden, die durch Flammen sorgen.<\/p>\n<p>Der Torremanzanas ist einer der j\u00fcngsten Br\u00e4nde registriert in Spanien, die zur Evakuierung von etwa 3.000 Menschen auf den Kanarischen Inseln gef\u00fchrt haben.<\/p>\n<p>\u00dcber 600 Hektar wurden in der Region Alicante, verbrannt, wie die regionalen Notfalldienst, berichtet die valencianische Innenminister Seraf\u00edn Kastilisch, Ratgeber, Feuer ohne Flamme zitiert und stabilisiert in Ihren Twitter-Account.<\/p>\n<p>Nail 200 Menschen auf dem Boden und Luft 20 weiter aktualisieren die Zone.<\/p>\n<p>900 EVACUATED per Boot<\/p>\n<p>Im Kanarischen blieb aktiv Feuer auf Teneriffa und eine auf la Gomera. Es, der Vormarsch der Flammen verursacht die Evakuierung von etwa 3.000 Menschen am Wochenende, 900 davon in Boote, laut einer Sprecherin der Regierung der Kanarischen Inseln.<\/p>\n<p>Rot-Kreuz-Personal, Guardia Civil, Notfall Milit\u00e4reinheit, \u00f6rtliche Polizei und andere Dienste nahm die Man\u00f6ver der Evakuierung, laut Aussage von der lokalen Regierung.<\/p>\n<p>Auf der anderen Seite, Bewohner der D\u00f6rfer, die in den letzten Tagen in Orense evakuiert worden war konnte zur\u00fcckkehren Startseite werden kontrolliert Feuer in Barco de Valdeorras, die 1.500 Hektar, gefegt hat, wie der Xunta de Galicia in einer Erkl\u00e4rung mitteilte. Registriert in Navia de Ourense in Lugo, Feuer gel\u00f6scht wurde Sonntagabend.<\/p>\n<p>In Ciudad Real, wurde das Feuer Auswirkungen auf den Nationalpark Caba\u00f1eros am Sonntagabend nach einer lokalen Regierung Quelle best\u00e4tigt gesteuert.<\/p>\n<p>Im Land hat in diesen Tagen in einer Hitzewelle mit Temperaturen \u00fcber 40 Grad, die behindert der Arbeit der Aussterben gelitten.<\/p>\n<p>. Zwischen Januar und 5. August 2012, 22 Gro\u00dfbr\u00e4nde (nach dem Brennen mehr als 500 Hektar) wurden Spanien. Insgesamt wurden verbrannt 132.000 Waldfl\u00e4che, fast das Doppelte des vergangenen Jahres und die schlechteste Figur seit 2005 in Brand, nach Angaben des Ministeriums f\u00fcr Umwelt und 10,766 Conatuses.<\/p>\n<p>\/ Por Cristina Quellen-Cantillana \/<\/p>\n","protected":false},"excerpt":{"rendered":"<p>MADRID (Reuters) &#8211; zwei Menschen sind gestorben und Tausende mussten evakuiert werden in Spanien, in eine Welle von Waldbr\u00e4nden in Alicante, die Kanarischen Inseln, Galizien und Ciudad Real am Wochenende hei\u00df was Sommer. Der beiden verstorbenen, ein Agent der Umgebung und eine mit der Brigaden, wurden Opfer eines Brandes in Torremanzanas, Alicante, best\u00e4tigt ein Sprecher [&hellip;]<\/p>\n","protected":false},"author":1,"featured_media":0,"comment_status":"close","ping_status":"open","sticky":false,"template":"","format":"standard","meta":{"footnotes":""},"categories":[3],"tags":[26978],"class_list":["post-15698","post","type-post","status-publish","format-standard","hentry","category-allgemeine","tag-waldbrnde","et-doesnt-have-format-content","et_post_format-et-post-format-standard"],"_links":{"self":[{"href":"https:\/\/www.best-dentist-dentistry.com\/de\/wp-json\/wp\/v2\/posts\/15698","targetHints":{"allow":["GET"]}}],"collection":[{"href":"https:\/\/www.best-dentist-dentistry.com\/de\/wp-json\/wp\/v2\/posts"}],"about":[{"href":"https:\/\/www.best-dentist-dentistry.com\/de\/wp-json\/wp\/v2\/types\/post"}],"author":[{"embeddable":true,"href":"https:\/\/www.best-dentist-dentistry.com\/de\/wp-json\/wp\/v2\/users\/1"}],"replies":[{"embeddable":true,"href":"https:\/\/www.best-dentist-dentistry.com\/de\/wp-json\/wp\/v2\/comments?post=15698"}],"version-history":[{"count":0,"href":"https:\/\/www.best-dentist-dentistry.com\/de\/wp-json\/wp\/v2\/posts\/15698\/revisions"}],"wp:attachment":[{"href":"https:\/\/www.best-dentist-dentistry.com\/de\/wp-json\/wp\/v2\/media?parent=15698"}],"wp:term":[{"taxonomy":"category","embeddable":true,"href":"https:\/\/www.best-dentist-dentistry.com\/de\/wp-json\/wp\/v2\/categories?post=15698"},{"taxonomy":"post_tag","embeddable":true,"href":"https:\/\/www.best-dentist-dentistry.com\/de\/wp-json\/wp\/v2\/tags?post=15698"}],"curies":[{"name":"wp","href":"https:\/\/api.w.org\/{rel}","templated":true}]}}