{"id":15716,"date":"2012-09-14T03:29:44","date_gmt":"2012-09-14T03:29:44","guid":{"rendered":null},"modified":"-0001-11-30T00:00:00","modified_gmt":"-0001-11-30T00:00:00","slug":"the-moncada-health-center-has-participated-in-the-fira-de-la-salut-v","status":"publish","type":"post","link":"https:\/\/www.best-dentist-dentistry.com\/de\/the-moncada-health-center-has-participated-in-the-fira-de-la-salut-v\/15716","title":{"rendered":"Die Moncada Health Center nahm an der Fira De La Salut V."},"content":{"rendered":"<p><strong>Moncada Health Center beteiligt sich in der Fira De La Salut V. <br \/><\/strong> <\/p>\n<p><font size=\"2\">-Messe hat genossen, Workshops und zwei Zelte verantwortlich f\u00fcr das Gesundheitszentrum <\/p>\n<p><strong>Valencia, September 2012.-<\/strong> Moncada Health Center beteiligt sich jedes Jahr in die traditionelle Fira De La Salut in der Gemeinde.  Es ist f\u00fcr uns eine Freude, jedes Jahr in diese innovative Initiative teilzunehmen, die uns erlaubt, uns noch n\u00e4her zu unseren Patienten bringen &#8221;, sagt Teresa Bosch, Koordinator der Krankenpflege des Gesundheitszentrums Moncada. <\/p>\n<p>Organisiert von der Ayuntamiento de Moncada, hat die Messe in dieser f\u00fcnften Ausgabe, mit der Teilnahme des Fachbereich Gesundheit Valencia &#8211; Arnau de Vilanova-Liria erhalten. <\/p>\n<p>Im Laufe des Vormittags gab die Zentrum f\u00fcr sexuelle Gesundheit und reproduktive Gesundheit von Moncada Innenstadt Profis Teilnehmer Informationen \u00fcber sexuelle Aufkl\u00e4rung und Familienplanung, Pr\u00e4vention von Krebs des Uterus etc&#8230;. <\/p>\n<p>Das Personal der Center bereitgestellten Beratung zus\u00e4tzlich zu einer Welle von W\u00e4rme und Gesundheitsf\u00f6rderung, sie antworteten auf Fragen, die die Teilnehmer darstellen und sie geworben die Gesundheitsdienste Mitte wie z.B. Workshops zur Tabakentw\u00f6hnung. <\/p>\n<p>  Hatten einen gro\u00dfen Empfang unter den Teilnehmern, die gen\u00e4hert haben, um zu Fragen, Informationen zu gesundheitsbezogenen Themen. Es wurde informiert \u00fcber die Arbeit wir tun jeden Tag und eingeladene Teilnehmer ins Zentrum, kommen nicht nur, wenn sie krank, Pr\u00e4ventionsma\u00dfnahmen oder suchen Beratung vorzunehmen sind &#8221;, betonen die Experten. <\/p>\n<p>Dar\u00fcber hinaus arbeitete Moncada Gesundheitszentrum aktiv mit der Universit\u00e4t Cardenal Herrera &#8211; CEU in einigen Workshops \u00fcber gesunde Ern\u00e4hrung, Stress und Entspannung und k\u00f6rperlicher Bet\u00e4tigung von Universit\u00e4tszentrum durchgef\u00fchrt. <\/p>\n<p align=\"center\"><img loading=\"lazy\" decoding=\"async\" title=\"\" height=\"300\" alt=\"\" src=\"http:\/\/www.best-dentist-dentistry.com\/best-dentist-images\/translateapiexception-ip-is-over-the-quota-id3811v2jsontranslate2250b60c.JPG\" width=\"450\" align=\"baseline\" border=\"0\"\/><\/p>\n<p><em>Profesionales del Departamento de Salud durante la V Fira de la Salut.<\/em> <\/p>\n<p> Die Bedeutung solcher Ereignisse liegt in der M\u00f6glichkeit der F\u00f6rderung der Gesundheit in der Region, au\u00dferhalb der Gesundheitszentrum, um zu wissen, die Dienste, die f\u00fcr der Bev\u00f6lkerung angeboten werden, die normalerweise nicht auf sein Bezugspunkt stammen &#8221;, Ziff. <\/p>\n<p>Verantwortlich f\u00fcr die Unterst\u00fctzung-Einheit der Dermatologie Krankenpflege der Grundversorgung und auch in Zusammenarbeit mit der Universit\u00e4t, am Nachmittag fand ein Workshop unter dem Titel  Haut und die Sonne &#8221;, Pflege und eine korrekte Belichtung gegeben durch Krankenschwester Vicente Martinez solarunter Bezugnahme in diese Einheit. <\/p>\n<p>W\u00e4hrend der Aktivit\u00e4t konnten die Teilnehmer lernen die verschiedenen Arten von Haut und m\u00f6gliche Erkrankungen im Zusammenhang mit ausreichenden Sonnenschutz zu verhindern.  Unser Ziel ist die F\u00f6rderung und Aufkl\u00e4rung der Bev\u00f6lkerung \u00fcber die Bedeutung der Schutz Ihrer Haut vor der Fr. &#8221;, betont Vicente Mart\u00ednez. <\/p>\n<p>Unterst\u00fctzung Ma\u00dfeinheit an der Universit\u00e4tsklinik f\u00fcr Dermatologie-Krankenpflege f\u00fchrt das Projekt der Teleulceras-Antwortformular Online alle Wunden und chronische Geschw\u00fcre der Abteilung. <\/p>\n<p>  Auch diese Einheit, zusammen mit dem Dienst der Dermatologie von der Krankenhaus-Arnau, arbeitet in Veranstaltungen wie diese in der Pr\u00e4vention und der Verbreitung von dermatologischen Pflege &#8221;, Francisco Diaz, Direktor der Krankenpflege der prim\u00e4ren Rechtsabteilung von Arnau angibt. <\/p>\n<p><\/font><\/p>\n","protected":false},"excerpt":{"rendered":"<p>Moncada Health Center beteiligt sich in der Fira De La Salut V. -Messe hat genossen, Workshops und zwei Zelte verantwortlich f\u00fcr das Gesundheitszentrum Valencia, September 2012.- Moncada Health Center beteiligt sich jedes Jahr in die traditionelle Fira De La Salut in der Gemeinde. Es ist f\u00fcr uns eine Freude, jedes Jahr in diese innovative Initiative [&hellip;]<\/p>\n","protected":false},"author":1,"featured_media":0,"comment_status":"close","ping_status":"open","sticky":false,"template":"","format":"standard","meta":{"footnotes":""},"categories":[3],"tags":[27016],"class_list":["post-15716","post","type-post","status-publish","format-standard","hentry","category-allgemeine","tag-v","et-doesnt-have-format-content","et_post_format-et-post-format-standard"],"_links":{"self":[{"href":"https:\/\/www.best-dentist-dentistry.com\/de\/wp-json\/wp\/v2\/posts\/15716","targetHints":{"allow":["GET"]}}],"collection":[{"href":"https:\/\/www.best-dentist-dentistry.com\/de\/wp-json\/wp\/v2\/posts"}],"about":[{"href":"https:\/\/www.best-dentist-dentistry.com\/de\/wp-json\/wp\/v2\/types\/post"}],"author":[{"embeddable":true,"href":"https:\/\/www.best-dentist-dentistry.com\/de\/wp-json\/wp\/v2\/users\/1"}],"replies":[{"embeddable":true,"href":"https:\/\/www.best-dentist-dentistry.com\/de\/wp-json\/wp\/v2\/comments?post=15716"}],"version-history":[{"count":0,"href":"https:\/\/www.best-dentist-dentistry.com\/de\/wp-json\/wp\/v2\/posts\/15716\/revisions"}],"wp:attachment":[{"href":"https:\/\/www.best-dentist-dentistry.com\/de\/wp-json\/wp\/v2\/media?parent=15716"}],"wp:term":[{"taxonomy":"category","embeddable":true,"href":"https:\/\/www.best-dentist-dentistry.com\/de\/wp-json\/wp\/v2\/categories?post=15716"},{"taxonomy":"post_tag","embeddable":true,"href":"https:\/\/www.best-dentist-dentistry.com\/de\/wp-json\/wp\/v2\/tags?post=15716"}],"curies":[{"name":"wp","href":"https:\/\/api.w.org\/{rel}","templated":true}]}}