{"id":15718,"date":"2012-09-14T03:29:53","date_gmt":"2012-09-14T03:29:53","guid":{"rendered":null},"modified":"-0001-11-30T00:00:00","modified_gmt":"-0001-11-30T00:00:00","slug":"aepac-celebrated-the-european-day-of-action-against-migraine","status":"publish","type":"post","link":"https:\/\/www.best-dentist-dentistry.com\/de\/aepac-celebrated-the-european-day-of-action-against-migraine\/15718","title":{"rendered":"AEPAC feierte der Europ\u00e4ische Aktionstag gegen Migr\u00e4ne."},"content":{"rendered":"<p><strong>AEPAC feierte der Europ\u00e4ische Aktionstag gegen Migr\u00e4ne.<\/strong> <\/p>\n<p><font size=\"2\"> <strong>Madrid, September 2012.-<\/strong> in Spanien, in der N\u00e4he 5 Millionen Menschen zwischen 18 und 65 Jahren haben Migr\u00e4ne, eine neurologische Krankheit verbreitet, chronische, episodische und wiederkehrende, das betrifft vor allem junge Frauen in Arbeits- und reproduktiven Alter. <\/p>\n<p>Trotz der H\u00e4ufigkeit der Migr\u00e4ne und der Auswirkungen hat das auf die pers\u00f6nliche, Familie, Arbeit und sozialen Lebens davon betroffen, viele der betroffenen erkennen, dass sie wenig oder keine unterrichtet werden. <\/p>\n<p>Anl\u00e4sslich des Europ\u00e4ischen Tages gegen Migr\u00e4ne AEPAC unternahm die folgenden Aktivit\u00e4ten: <\/p>\n<p>-MIGRApp Pr\u00e4sentation, die erste Anwendungs\u00fcberwachung und Autocontrol f\u00fcr Patienten mit chronischer Migr\u00e4ne in Europa. AEPAC und die Spanien Vodafone Stiftung pr\u00e4sentiert Letzter Mittwoch, den 12. September um 12:00 am offiziellen College of Apotheker von Madrid (Calle Santa Engracia, 31), die MIGRApp-Anwendung, die erstellt wurde, auf die Notwendigkeit der Kopfschmerz der Aufrechterhaltung der Kontrolle \u00fcber die Krankheit leidenden Menschen reagieren. Es ist die erste Anwendung f\u00fcr Android und iOS-Smartphones dieser Art in Europa entwickelt. <\/p>\n<p> &#8211; Mit dem Ziel, das Bewusstsein der Gesellschaft f\u00fcr die Bedeutung des Seins richtig diagnostiziert und vermeiden Sie Selbstmedikation und zeitgleich mit der Europ\u00e4ische Aktionstag gegen Migr\u00e4ne, am 12. September, AEPAC und MSD begann eine Kampagne, die verschiedene Aktivit\u00e4ten unter dem Namen &#8220;Nun endlich Steuern meine Migr\u00e4ne&#8221;. Am 11. September um 11:30 Uhr am Sitz der AEPAC in Valencia (C \/ Marques de Dos Aguas, n \u00ba 3-B) fand eine Pressekonferenz pr\u00e4sentiert das Plakat auf der Migr\u00e4ne Illustrator Valencia Paco Roca (Nationalpreis des Comics in Frankreich und Spanien) getan hat(, 2 Goyas auf den Film &#8220;Arruga&#8221;, nominiert f\u00fcr den Oscar 2011, u.a. mit einer langen Liste von Auszeichnungen und Anerkennung auf der ganzen Welt). Dies wurde m\u00f6glich dank MSD Neurowissenschaften, dieses Plakat wurde ins Englische \u00fcbersetzt worden, zur Einreichung bei verschiedenen europ\u00e4ischen Verb\u00e4nden. <\/p>\n<p>Dar\u00fcber hinaus in der Region Valencia AEPAC wurde in der Moncada V der Gesundheit Messe mit ihren eigenen Raum, in dem bereitgestellten umfangreiche Informationen \u00fcber Migr\u00e4ne und andere Kopfschmerzen deaktivieren sowie eine Solidarit\u00e4t Harke um Gelder zu sammeln, die, die weiterhin mit der Entwicklung ihrer Projekte helfen. <\/p>\n<p><\/font><font size=\"2\"> http:\/\/www.dolordecabeza.net\/<\/font><font size=\"2\"> <\/p>\n<p><\/font><\/p>\n","protected":false},"excerpt":{"rendered":"<p>AEPAC feierte der Europ\u00e4ische Aktionstag gegen Migr\u00e4ne. Madrid, September 2012.- in Spanien, in der N\u00e4he 5 Millionen Menschen zwischen 18 und 65 Jahren haben Migr\u00e4ne, eine neurologische Krankheit verbreitet, chronische, episodische und wiederkehrende, das betrifft vor allem junge Frauen in Arbeits- und reproduktiven Alter. Trotz der H\u00e4ufigkeit der Migr\u00e4ne und der Auswirkungen hat das auf [&hellip;]<\/p>\n","protected":false},"author":1,"featured_media":0,"comment_status":"close","ping_status":"open","sticky":false,"template":"","format":"standard","meta":{"footnotes":""},"categories":[3],"tags":[27018,27019],"class_list":["post-15718","post","type-post","status-publish","format-standard","hentry","category-allgemeine","tag-aepac","tag-aktionstag","et-doesnt-have-format-content","et_post_format-et-post-format-standard"],"_links":{"self":[{"href":"https:\/\/www.best-dentist-dentistry.com\/de\/wp-json\/wp\/v2\/posts\/15718","targetHints":{"allow":["GET"]}}],"collection":[{"href":"https:\/\/www.best-dentist-dentistry.com\/de\/wp-json\/wp\/v2\/posts"}],"about":[{"href":"https:\/\/www.best-dentist-dentistry.com\/de\/wp-json\/wp\/v2\/types\/post"}],"author":[{"embeddable":true,"href":"https:\/\/www.best-dentist-dentistry.com\/de\/wp-json\/wp\/v2\/users\/1"}],"replies":[{"embeddable":true,"href":"https:\/\/www.best-dentist-dentistry.com\/de\/wp-json\/wp\/v2\/comments?post=15718"}],"version-history":[{"count":0,"href":"https:\/\/www.best-dentist-dentistry.com\/de\/wp-json\/wp\/v2\/posts\/15718\/revisions"}],"wp:attachment":[{"href":"https:\/\/www.best-dentist-dentistry.com\/de\/wp-json\/wp\/v2\/media?parent=15718"}],"wp:term":[{"taxonomy":"category","embeddable":true,"href":"https:\/\/www.best-dentist-dentistry.com\/de\/wp-json\/wp\/v2\/categories?post=15718"},{"taxonomy":"post_tag","embeddable":true,"href":"https:\/\/www.best-dentist-dentistry.com\/de\/wp-json\/wp\/v2\/tags?post=15718"}],"curies":[{"name":"wp","href":"https:\/\/api.w.org\/{rel}","templated":true}]}}