{"id":15753,"date":"2012-09-15T02:31:01","date_gmt":"2012-09-15T02:31:01","guid":{"rendered":null},"modified":"-0001-11-30T00:00:00","modified_gmt":"-0001-11-30T00:00:00","slug":"thousands-of-spaniards-march-against-austerity-on-may-1","status":"publish","type":"post","link":"https:\/\/www.best-dentist-dentistry.com\/de\/thousands-of-spaniards-march-against-austerity-on-may-1\/15753","title":{"rendered":"thousands of spaniards march against austerity on may 1"},"content":{"rendered":"<p class=\"first\"> MADRID (Reuters) &#8211; Tausende Spanier nahmen am Sonntag auf die Stra\u00dfe, protestieren gegen die K\u00fcrzungen und Sparma\u00dfnahmen Plan, die die spanische Regierung bef\u00fcrwortet die einzige M\u00f6glichkeit zum Beenden der Krise und die Rezession, die Arbeitslosigkeit mehr als 5,50 Millionen Menschen gef\u00fchrt hat.<\/p>\n<p>&#8220;80 <span class=\"yshortcuts\"id=\"lw_1335874932_6\"> Spanien St\u00e4dte<\/span> \u00fcber 1 Million Arbeiter sind in den Stra\u00dfen sagen Nein zu einem Verst\u00e4ndnis sozialer Beziehungen&#8221;, sagte Ignacio Fernandez-Toxo, allgemeine Sekret\u00e4rin der CCOO, Madrids Puerta del Sol am Ende der Demonstration von UGT und CCOO. Licerada<\/p>\n<p>Beide F\u00fchrer verk\u00fcndet neue Mobilisierungen gegen die Krise wird eine Gelegenheit, das soziale Wohlfahrt-Modell zu zerst\u00f6ren, aber erw\u00e4hnt nicht die M\u00f6glichkeit der Einberufung einer anderen Generalstreik.<\/p>\n<p>&#8220;War nicht der letzte Tag (29. M\u00e4rz), ist nicht das Ende der 1. Mai.&#8221; &#8220;Lassen Sie die Stra\u00dfen, bis diese \u00c4nderung&#8221;, sagte der Leiter der Comisiones Obreras. &#8220;Es wird nicht erreichen, da die Staatsangeh\u00f6rigkeit dieses Landes immer bewusster, was geschieht,&#8221; hinzugef\u00fcgt.<\/p>\n<p>Eine gro\u00dfe B\u00fcrgerschaft forderte eine intermittierende Regen und einer langen Br\u00fccke zwei Feiertage in Madrid und, wie Sonntag, die Demonstrationen schien weniger zahlreiche gehaltenen letzten Monat anl\u00e4sslich der Generalstreik, nahm er auf die Stra\u00dfe um Hunderttausende von B\u00fcrgern gegen die j\u00fcngste Arbeit Reform, die die Entlassung senkt.<\/p>\n<p>Laut Gewerkschaften, in Madrid nahm an der 1. Mai rund 100.000 Menschen und alle Spanien fast 1 Million B\u00fcrger, Figuren, die nicht mit Polizei Quellen best\u00e4tigt werden konnte.<\/p>\n<p>&#8220;Gef\u00fchl normalerweise wir nicht marschieren, aber in diesem Jahr, mit all den Schnitten wir besteht die Notwendigkeit, zu protestieren.&#8221; &#8220;Ich arbeite in der Gemeinschaft von Madrid, und wir sehen viele Entlassungen, l\u00e4ngere Arbeitszeiten und weniger Lohn&#8221; Sieg Helm, 54, der Nachrichtenagentur Reuters im Zentrum von Madrid.<\/p>\n<p>Am Sonntag, Rajoy verteidigte seine Reformagenda als wesentlich f\u00fcr das Land der tiefen wirtschaftlichen Krise zu bew\u00e4ltigen, und k\u00fcndigte an, dass es auch jeden Freitag neue Ma\u00dfnahmen weiterhin um das Land auf den Weg des Wachstums zur\u00fcckkehren.<\/p>\n<p>The Executive hat vor kurzem zum Sparen von 10 Milliarden Euro im Bildungs- und Gesundheitswesen in ihren Bem\u00fchungen um eine drastische Senkung des \u00f6ffentlichen Defizits auf 8,5 Prozent des BIP in 2011 auf 3,0 Prozent im 2013 um die Ziele zu erreichen durch die Europ\u00e4ische Union verh\u00e4ngte vorgeschlagen.<\/p>\n","protected":false},"excerpt":{"rendered":"<p>MADRID (Reuters) &#8211; Tausende Spanier nahmen am Sonntag auf die Stra\u00dfe, protestieren gegen die K\u00fcrzungen und Sparma\u00dfnahmen Plan, die die spanische Regierung bef\u00fcrwortet die einzige M\u00f6glichkeit zum Beenden der Krise und die Rezession, die Arbeitslosigkeit mehr als 5,50 Millionen Menschen gef\u00fchrt hat. &#8220;80 Spanien St\u00e4dte \u00fcber 1 Million Arbeiter sind in den Stra\u00dfen sagen Nein [&hellip;]<\/p>\n","protected":false},"author":1,"featured_media":0,"comment_status":"close","ping_status":"open","sticky":false,"template":"","format":"standard","meta":{"footnotes":""},"categories":[3],"tags":[],"class_list":["post-15753","post","type-post","status-publish","format-standard","hentry","category-allgemeine","et-doesnt-have-format-content","et_post_format-et-post-format-standard"],"_links":{"self":[{"href":"https:\/\/www.best-dentist-dentistry.com\/de\/wp-json\/wp\/v2\/posts\/15753","targetHints":{"allow":["GET"]}}],"collection":[{"href":"https:\/\/www.best-dentist-dentistry.com\/de\/wp-json\/wp\/v2\/posts"}],"about":[{"href":"https:\/\/www.best-dentist-dentistry.com\/de\/wp-json\/wp\/v2\/types\/post"}],"author":[{"embeddable":true,"href":"https:\/\/www.best-dentist-dentistry.com\/de\/wp-json\/wp\/v2\/users\/1"}],"replies":[{"embeddable":true,"href":"https:\/\/www.best-dentist-dentistry.com\/de\/wp-json\/wp\/v2\/comments?post=15753"}],"version-history":[{"count":0,"href":"https:\/\/www.best-dentist-dentistry.com\/de\/wp-json\/wp\/v2\/posts\/15753\/revisions"}],"wp:attachment":[{"href":"https:\/\/www.best-dentist-dentistry.com\/de\/wp-json\/wp\/v2\/media?parent=15753"}],"wp:term":[{"taxonomy":"category","embeddable":true,"href":"https:\/\/www.best-dentist-dentistry.com\/de\/wp-json\/wp\/v2\/categories?post=15753"},{"taxonomy":"post_tag","embeddable":true,"href":"https:\/\/www.best-dentist-dentistry.com\/de\/wp-json\/wp\/v2\/tags?post=15753"}],"curies":[{"name":"wp","href":"https:\/\/api.w.org\/{rel}","templated":true}]}}