{"id":15835,"date":"2012-09-15T02:44:28","date_gmt":"2012-09-15T02:44:28","guid":{"rendered":null},"modified":"-0001-11-30T00:00:00","modified_gmt":"-0001-11-30T00:00:00","slug":"environmental-experts-do-not-expect-anything-of-states-in-rio-20","status":"publish","type":"post","link":"https:\/\/www.best-dentist-dentistry.com\/de\/environmental-experts-do-not-expect-anything-of-states-in-rio-20\/15835","title":{"rendered":"Umweltexperten erwarten &#8220;irgendwas&#8221; Staaten nicht in Rio + 20"},"content":{"rendered":"<p class=\"first\"> Paris, 12 jun (EFE).-Umweltexperten, teilnehmen, in dem Erdgipfel von Rio + 20 in Brasilien versichert heute in der Pr\u00e4sentation des &#8220;Manifests f\u00fcr die R\u00fcckkehr in das Land&#8221; in Paris die nicht &#8220;alles&#8221; in den Staaten, erwarten, so dass ihre Hoffnung &#8220;Zivilgesellschaft&#8221; gestartet wird.<\/p>\n<p>&#8220;Auf dem Gipfel es eine Konfrontation zwischen den L\u00e4ndern des Nordens, besorgt \u00fcber die Krise und der aufstrebenden M\u00e4chte, die nur Wachstum interessiert sind gibt und nicht m\u00f6chten noch \u00fcber \u00f6kologische Fragen h\u00f6ren,&#8221; sagte Forscher Alfredo Pena Vega, wer das Manifest mit dem Philosophen und franz\u00f6sischer Soziologe Edgar Morin unterzeichnet.<\/p>\n<p>&#8220;Ich bin optimistisch, aber nur im Hinblick auf die Zivilgesellschaft&#8221;, &#8220;Staaten erwarten Sie nicht nichts&#8221;, sagte Pena Vega.<\/p>\n<p>Ihre Stimme tritt das von Umweltorganisationen wie der World Wide Fund (WWF), die das Risiko des Scheitern des Gipfels durch gewarnt des mangelndes Engagement der Herrscher oder die Politiker wie der franz\u00f6sische Pr\u00e4sident Fran\u00e7ois Hollande, der fragte, dass die wirtschaftliche Situation und internationalen Krisen wie die Syrien die Umweltprobleme nicht vergessen.<\/p>\n<p>Brasilien, das Gastland der Konferenz, und einer der M\u00e4chte mit besseren wirtschaftlichen Perspektiven, war der am meisten kritisierte heute durch seine Politik Umwelt und insbesondere durch seine neuen Forstwirtschaft Code, sehr aggressiv mit den Amazonas-Dschungel und gef\u00e4hrdet, die den Lebensstil der St\u00e4mme dieser Region.<\/p>\n<p>&#8220;Indianer und Bauern spielte Leben in diesem Forum, aber wir spielen wir die Zukunft&#8221;, sagte der Vorsitzende des Vereins Planeten Amazonia, Gert Peter Bruch, auch die Pr\u00e4sentation des Dokuments teilnahmen.<\/p>\n<p>Unter dem Titel &#8220;die Erde ist unruhig&#8221;, ein Seminar an der Universit\u00e4t von Rio De Janeiro von 18 bis 20 Juni parallel mit dem Gipfel stattfinden konzentriert sich auf das Bed\u00fcrfnis, &#8220;aus der Sackgasse der petrochemischen Landwirtschaft wieder Tradition und die L\u00f6sungsvorschl\u00e4ge von aufst\u00e4ndischen Bauern der L\u00e4nder des S\u00fcdens&#8221;.<\/p>\n<p>ihrer Arbeiten zur Stadt, die laut Experten &#8220;\u00fcbertrifft bei weitem die Ergebnisse der intensiven industriellen Landwirtschaft&#8221;, wird in dieser Sitzung die zielt darauf ab, eine &#8220;gr\u00fcne Revolution&#8221; organisieren auf der Agro-Ecologia Sterne.<\/p>\n<p>, Unter dem Vorsitz von Morin, das Seminar haben auch Politiker wie die Pr\u00e4sidentschaftswahlen \u00f6kologischen Excandidatas von Marina Silva, Brasilien und Frankreich und Eva Joly, beziehungsweise, und der Minister der Regierung von Ecuador, Maria-Fernanda Espinosa.<\/p>\n<p>&#8220;Ist notwendig, die Bande zwischen dem Norden und S\u00fcden, zwischen Stadt und Land zu st\u00e4rken&#8221;, die Verantwortung des nationalen Verbandes der \u00f6kologischen Landwirtschaft in den Regionen von Frankreich (FNAB) Stephanie Pageot, auch die Pr\u00e4sentation des Manifests teilnahmen hingewiesen.<\/p>\n<p>Im Dokument, die Autoren stellen sicher, dass &#8220;nur die l\u00e4ndliche Umgebung eine nachhaltige wirtschaftliche Belebung in einer Perspektive des Schutzes der Umwelt, Erhaltung der nat\u00fcrlichen Ressourcen, Ern\u00e4hrungssicherung und Lebensqualit\u00e4t erm\u00f6glichen.<\/p>\n<p>&#8220;<\/p>\n<p>&#8220;\u00dcber das Forum selbst, vor allem die B\u00fchne gilt&#8221;, sagte Vega Strafe auf der Umweltkonferenz gesponsert von den Vereinten Nationen, die zusammen 100 Staats- und Regierungschefs sowie Delegationen aus mehr als 170 L\u00e4ndern die n\u00e4chsten 20 bis 22. Juni bringen wird. EFE<\/p>\n","protected":false},"excerpt":{"rendered":"<p>Paris, 12 jun (EFE).-Umweltexperten, teilnehmen, in dem Erdgipfel von Rio + 20 in Brasilien versichert heute in der Pr\u00e4sentation des &#8220;Manifests f\u00fcr die R\u00fcckkehr in das Land&#8221; in Paris die nicht &#8220;alles&#8221; in den Staaten, erwarten, so dass ihre Hoffnung &#8220;Zivilgesellschaft&#8221; gestartet wird. &#8220;Auf dem Gipfel es eine Konfrontation zwischen den L\u00e4ndern des Nordens, besorgt [&hellip;]<\/p>\n","protected":false},"author":1,"featured_media":0,"comment_status":"close","ping_status":"open","sticky":false,"template":"","format":"standard","meta":{"footnotes":""},"categories":[3],"tags":[27163],"class_list":["post-15835","post","type-post","status-publish","format-standard","hentry","category-allgemeine","tag-umweltexperten","et-doesnt-have-format-content","et_post_format-et-post-format-standard"],"_links":{"self":[{"href":"https:\/\/www.best-dentist-dentistry.com\/de\/wp-json\/wp\/v2\/posts\/15835","targetHints":{"allow":["GET"]}}],"collection":[{"href":"https:\/\/www.best-dentist-dentistry.com\/de\/wp-json\/wp\/v2\/posts"}],"about":[{"href":"https:\/\/www.best-dentist-dentistry.com\/de\/wp-json\/wp\/v2\/types\/post"}],"author":[{"embeddable":true,"href":"https:\/\/www.best-dentist-dentistry.com\/de\/wp-json\/wp\/v2\/users\/1"}],"replies":[{"embeddable":true,"href":"https:\/\/www.best-dentist-dentistry.com\/de\/wp-json\/wp\/v2\/comments?post=15835"}],"version-history":[{"count":0,"href":"https:\/\/www.best-dentist-dentistry.com\/de\/wp-json\/wp\/v2\/posts\/15835\/revisions"}],"wp:attachment":[{"href":"https:\/\/www.best-dentist-dentistry.com\/de\/wp-json\/wp\/v2\/media?parent=15835"}],"wp:term":[{"taxonomy":"category","embeddable":true,"href":"https:\/\/www.best-dentist-dentistry.com\/de\/wp-json\/wp\/v2\/categories?post=15835"},{"taxonomy":"post_tag","embeddable":true,"href":"https:\/\/www.best-dentist-dentistry.com\/de\/wp-json\/wp\/v2\/tags?post=15835"}],"curies":[{"name":"wp","href":"https:\/\/api.w.org\/{rel}","templated":true}]}}