{"id":15879,"date":"2012-09-15T02:55:39","date_gmt":"2012-09-15T02:55:39","guid":{"rendered":null},"modified":"-0001-11-30T00:00:00","modified_gmt":"-0001-11-30T00:00:00","slug":"santos-praises-colombian-vice-president-lucidity-and-rejects-eventual-resignation","status":"publish","type":"post","link":"https:\/\/www.best-dentist-dentistry.com\/de\/santos-praises-colombian-vice-president-lucidity-and-rejects-eventual-resignation\/15879","title":{"rendered":"santos praises colombian vice president lucidity and rejects eventual resignation"},"content":{"rendered":"<p class=\"first\"> Bogota, 26 jul (EFE).-der Pr\u00e4sident Kolumbiens, Juan Manuel Santos, heute lobte die Klarheit von seinem Vizepr\u00e4sident Angelino Garz\u00f3n, wer aus einer zerebralen Isch\u00e4mie erholt, und die Stimmen, die vor kurzem, um den R\u00fccktritt von der Nummer zwei der Exekutive aufgerufen abgelehnt.<\/p>\n<p>&#8220;Fand ich Vizepr\u00e4sident sehr gut.&#8221; Ich fand es gut gelaunt, lucid, sehr gut informiert. &#8220;Die Wahrheit ist, dass ich nicht sehe, warum jemand hat zu denken, die zum R\u00fccktritt f\u00e4llig&#8221;, Santos sagte Journalisten zu seinem Abschied von der Residenz des Garz\u00f3n.<\/p>\n<p>Dies ist die erste pers\u00f6nliche Begegnung mit seinem Vize Pr\u00e4sident Staatsoberhaupt, da es einen Schlaganfall erlitt Mitte Juni, der im Krankenhaus und dann zu Hause mit eingeschr\u00e4nkten Besuche wiederhergestellt wurde.<\/p>\n<p>Der Vertreter r\u00e4umte ein, dass Garzon &#8220;wesentlich schneller erholt hat&#8221;, als ich mir vorgestellt, und erz\u00e4hlte, dass der Vizepr\u00e4sident ihre Therapien zu machen weiterhin, w\u00e4hrend es seine Funktionen aufnimmt.<\/p>\n<p>&#8220;Ich sprach von vielen Fragen,&#8221; kommentiert der Pr\u00e4sident und f\u00fcgte hinzu, dass gegen was gesagt wurde diese Woche von der Senator U party Juan Carlos Velez, Vice President sagte &#8220;, die unterst\u00fctzte keine (Assembly) Bestandteil&#8221;.<\/p>\n<p>Velez ist der Autor eines Vorschlags die f\u00f6rdert den Aufruf zu einer verfassungsgebenden Nationalversammlung, die Verwaltung der Justiz, eine Initiative zu reformieren, Pr\u00e4sident Santos wies in seiner Rede der aktuellen regul\u00e4ren Sitzungen des Kongresses Er\u00f6ffnung am vergangenen Freitag.<\/p>\n<p>Nach dieser Senator, \u00e4hnlich wie die Ideen des ehemaligen Pr\u00e4sidenten Alvaro Uribe, genannt Garzon am Montag zu seiner Initiative zu unterst\u00fctzen, die bis zu dem Zeitpunkt f\u00fcr den R\u00fccktritt des Vizepr\u00e4sidenten Fragen einige Parlamentarier kritisiert haben.<\/p>\n<p>Nach Auffassung der Senator Juan Manuel Galan, der Liberalen Partei (PL), Vice President Opposition &#8220;unver\u00f6ffentlicht&#8221; und hinzugef\u00fcgt tun k\u00f6nnen: &#8220;im Interesse des Landes, im Interesse der Institutionen, der Vice President sollten verlassen B\u00fcro wenn die Regierung ihre Positionen zuwiderlaufen&#8221;.<\/p>\n<p>Santos in Anfang Juni ergab, dass die Executive-Studie-Beseitigung der Figur des Vizepr\u00e4sidenten da &#8220;schlecht konzipiert in der Verfassung von 1991&#8221; wurde und kann mehr &#8220;bequem und kosteng\u00fcnstiger&#8221; von dem Pr\u00e4sidenten ernannt.<\/p>\n<p>Garz\u00f3n, Extraktion des Vereins, wurde der Vizepr\u00e4sident als die Vizepr\u00e4sidentschaft Juan Manuel Santos, nach dem er diente als Arbeitsminister in der Regierung von Andr\u00e9s Pastrana (1998-2002) sowie als Botschafter in Genf bei den Vereinten Nationen w\u00e4hrend der Pr\u00e4sidentschaft von \u00c1lvaro Uribe V\u00e9lez (2002-2010). EFE<\/p>\n","protected":false},"excerpt":{"rendered":"<p>Bogota, 26 jul (EFE).-der Pr\u00e4sident Kolumbiens, Juan Manuel Santos, heute lobte die Klarheit von seinem Vizepr\u00e4sident Angelino Garz\u00f3n, wer aus einer zerebralen Isch\u00e4mie erholt, und die Stimmen, die vor kurzem, um den R\u00fccktritt von der Nummer zwei der Exekutive aufgerufen abgelehnt. &#8220;Fand ich Vizepr\u00e4sident sehr gut.&#8221; Ich fand es gut gelaunt, lucid, sehr gut informiert. [&hellip;]<\/p>\n","protected":false},"author":1,"featured_media":0,"comment_status":"close","ping_status":"open","sticky":false,"template":"","format":"standard","meta":{"footnotes":""},"categories":[3],"tags":[27211],"class_list":["post-15879","post","type-post","status-publish","format-standard","hentry","category-allgemeine","tag-aufhebung","et-doesnt-have-format-content","et_post_format-et-post-format-standard"],"_links":{"self":[{"href":"https:\/\/www.best-dentist-dentistry.com\/de\/wp-json\/wp\/v2\/posts\/15879","targetHints":{"allow":["GET"]}}],"collection":[{"href":"https:\/\/www.best-dentist-dentistry.com\/de\/wp-json\/wp\/v2\/posts"}],"about":[{"href":"https:\/\/www.best-dentist-dentistry.com\/de\/wp-json\/wp\/v2\/types\/post"}],"author":[{"embeddable":true,"href":"https:\/\/www.best-dentist-dentistry.com\/de\/wp-json\/wp\/v2\/users\/1"}],"replies":[{"embeddable":true,"href":"https:\/\/www.best-dentist-dentistry.com\/de\/wp-json\/wp\/v2\/comments?post=15879"}],"version-history":[{"count":0,"href":"https:\/\/www.best-dentist-dentistry.com\/de\/wp-json\/wp\/v2\/posts\/15879\/revisions"}],"wp:attachment":[{"href":"https:\/\/www.best-dentist-dentistry.com\/de\/wp-json\/wp\/v2\/media?parent=15879"}],"wp:term":[{"taxonomy":"category","embeddable":true,"href":"https:\/\/www.best-dentist-dentistry.com\/de\/wp-json\/wp\/v2\/categories?post=15879"},{"taxonomy":"post_tag","embeddable":true,"href":"https:\/\/www.best-dentist-dentistry.com\/de\/wp-json\/wp\/v2\/tags?post=15879"}],"curies":[{"name":"wp","href":"https:\/\/api.w.org\/{rel}","templated":true}]}}