{"id":15909,"date":"2012-09-15T03:29:39","date_gmt":"2012-09-15T03:29:39","guid":{"rendered":null},"modified":"-0001-11-30T00:00:00","modified_gmt":"-0001-11-30T00:00:00","slug":"salamanca-will-host-the-first-national-conference-of-neurology","status":"publish","type":"post","link":"https:\/\/www.best-dentist-dentistry.com\/de\/salamanca-will-host-the-first-national-conference-of-neurology\/15909","title":{"rendered":"Salamanca ist die erste nationale Konferenz f\u00fcr Neurologie Gastgeber."},"content":{"rendered":"<p><strong>Salamanca ist Gastgeber der ersten nationalen Konferenz f\u00fcr Neurologie.<\/strong><\/p>\n<p> <font size=\"2\">-die Spanisch-Neurologie-Gesellschaft (SEN) organisiert die erste nationale Konferenz f\u00fcr Neurologie in Salamanca <\/p>\n<p>-am 23, 24 und 25 Mai 2013 und eine gesch\u00e4tzte Teilnahme von mehr als 500 nationale und internationale Spezialisten <\/p>\n<p> <strong>Salamanca, September 2012.-<\/strong> der Spanisch-Neurologie-Gesellschaft (SEN) wird die erste nationale Konferenz f\u00fcr Neurologie in Salamanca organisierenein Ereignis, das darauf abzielt, das Hauptforum f\u00fcr Besprechung und Diskussion \u00fcber die Zukunft von Specialty zu werden. Neurologie ich Nationalkonferenz stattfinden wird auf 23, 24 und 25 Mai 2013 mit dem erwarteten Besuch von mehr als 500 nationale und internationale Spezialisten. So, und drei Tage lang werden mit adressierte Aspekte verkn\u00fcpft das Gesundheitsmanagement, medizinische Ausbildung, die Herausforderungen, die die Neurologie und ihre sozialen Auswirkungen, als auch andere Themen von Interesse f\u00fcr den Bereich der Neurologie vor. <\/p>\n<p> Dieses Treffen hat besonderen Bedeutung, da es sich um eine \u00c4nderung im Konzept des Kongresses, die bis dato gemacht wurde. Die Aspekte, die in den gleichen markierten Leitlinien f\u00fcr die Zukunft der Neurologie behandelt werden, ist eine Spezialit\u00e4t, die zunehmend st\u00e4rkere Entwicklung der zunehmenden Verbreitung der Krankheit haben werden. Aber dienen auch zu identifizieren und entwickeln die Herausforderungen wir m\u00fcssen Gesicht: Management, Ausbildung von zuk\u00fcnftigen Spezialisten, Bereiche der Forschung usw. &#8221;, betont Dr. Jes\u00fas Cacho Guti\u00e9rrez, Pr\u00e4sident des lokalen Organisationskomitees der I Nationalkonferenz f\u00fcr die SEN-Neurologie und Leiter des Dienstes der Neurologie des Krankenhauses der Universit\u00e4t Salamanca. <\/p>\n<p>Es war die Versammlung der Partner von die SEN, die letzten November 18, die Ersetzung der ordentlichen Kongress der wissenschaftlichen Gesellschaft genehmigt f\u00fcr die Einberufung einer Konferenz \u00fcber professionelle Themen der Neurologie, die umfassen k\u00f6nnten andere Wissenschaftler oder Trainingsthemen an Spezialisten gerichtet und deren Bereich ist reserviert f\u00fcr die Jahrestagung der der SEN. Nach der Gr\u00fcndung der National Conference of Neurology standen drei St\u00e4dte als Kandidaten f\u00fcr Office. <\/p>\n<p>  Beschlossen, die Kandidatur von unserer Stadt zu pr\u00e4sentieren, denn im Jahr 2013 wir auch der 35-Jahr-Jubil\u00e4um der Errichtung des Dienstes der Neurologie des Krankenhauses der Universit\u00e4t Salamanca feiern. Wir dachten, es war eine gute M\u00f6glichkeit f\u00fcr beide feiern, der Veteran und Konsolidierung unseres Dienstes als gro\u00dfartige Chance, die Bev\u00f6lkerung \u00fcber die Bedeutung von Specialty zu sensibilisieren. Leider aufgrund der demographischen Merkmale der Castilla y Le\u00f3n, vor allem f\u00fcr Altern und Entv\u00f6lkerung in einigen Bereichen, neurologische, und vor allem durch seine Auswirkungen Alzheimer oder Schlaganfall, Krankheiten haben einen starken Einfluss in unserer Gesellschaft &#8221;, erkl\u00e4rt Dr. Jes\u00fas Cacho Guti\u00e9rrez. <\/p>\n<p>Die Wahl von Salamanca ist aufgetreten, nachdem die zwei andere Kandidatenst\u00e4dte Stimmen der Mitglieder des Board of Directors von die SEN in denen auferlegt: Sevilla und Valencia. <\/p>\n<p><\/font><\/p>\n","protected":false},"excerpt":{"rendered":"<p>Salamanca ist Gastgeber der ersten nationalen Konferenz f\u00fcr Neurologie. -die Spanisch-Neurologie-Gesellschaft (SEN) organisiert die erste nationale Konferenz f\u00fcr Neurologie in Salamanca -am 23, 24 und 25 Mai 2013 und eine gesch\u00e4tzte Teilnahme von mehr als 500 nationale und internationale Spezialisten Salamanca, September 2012.- der Spanisch-Neurologie-Gesellschaft (SEN) wird die erste nationale Konferenz f\u00fcr Neurologie in Salamanca [&hellip;]<\/p>\n","protected":false},"author":1,"featured_media":0,"comment_status":"close","ping_status":"open","sticky":false,"template":"","format":"standard","meta":{"footnotes":""},"categories":[3],"tags":[27241],"class_list":["post-15909","post","type-post","status-publish","format-standard","hentry","category-allgemeine","tag-gastgeber","et-doesnt-have-format-content","et_post_format-et-post-format-standard"],"_links":{"self":[{"href":"https:\/\/www.best-dentist-dentistry.com\/de\/wp-json\/wp\/v2\/posts\/15909","targetHints":{"allow":["GET"]}}],"collection":[{"href":"https:\/\/www.best-dentist-dentistry.com\/de\/wp-json\/wp\/v2\/posts"}],"about":[{"href":"https:\/\/www.best-dentist-dentistry.com\/de\/wp-json\/wp\/v2\/types\/post"}],"author":[{"embeddable":true,"href":"https:\/\/www.best-dentist-dentistry.com\/de\/wp-json\/wp\/v2\/users\/1"}],"replies":[{"embeddable":true,"href":"https:\/\/www.best-dentist-dentistry.com\/de\/wp-json\/wp\/v2\/comments?post=15909"}],"version-history":[{"count":0,"href":"https:\/\/www.best-dentist-dentistry.com\/de\/wp-json\/wp\/v2\/posts\/15909\/revisions"}],"wp:attachment":[{"href":"https:\/\/www.best-dentist-dentistry.com\/de\/wp-json\/wp\/v2\/media?parent=15909"}],"wp:term":[{"taxonomy":"category","embeddable":true,"href":"https:\/\/www.best-dentist-dentistry.com\/de\/wp-json\/wp\/v2\/categories?post=15909"},{"taxonomy":"post_tag","embeddable":true,"href":"https:\/\/www.best-dentist-dentistry.com\/de\/wp-json\/wp\/v2\/tags?post=15909"}],"curies":[{"name":"wp","href":"https:\/\/api.w.org\/{rel}","templated":true}]}}