{"id":15918,"date":"2012-09-16T02:26:10","date_gmt":"2012-09-16T02:26:10","guid":{"rendered":null},"modified":"-0001-11-30T00:00:00","modified_gmt":"-0001-11-30T00:00:00","slug":"cases-of-dementia-in-the-world-will-be-doubled-in-20-years-by-longevity","status":"publish","type":"post","link":"https:\/\/www.best-dentist-dentistry.com\/de\/cases-of-dementia-in-the-world-will-be-doubled-in-20-years-by-longevity\/15918","title":{"rendered":"F\u00e4lle von Demenz in der Welt in 20 Jahren durch die Langlebigkeit verdoppeln"},"content":{"rendered":"<p class=\"first\"> <span class=\"yshortcuts\" id=\"lw_1334141544_0\"> Genf<\/span>, 11 Apr (<span class=\"yshortcuts\" id=\"lw_1334141544_1\"> EFE<\/span>).-nahe 35,60 Millionen Menschen weltweit leiden an <span class=\"yshortcuts\" id=\"lw_1334141544_2\"> Demenz<\/span>, eine <span class=\"yshortcuts\" id=\"lw_1334141544_3\"> Abbildung<\/span>, die durch die Zunahme der Bev\u00f6lkerung und der <span class=\"yshortcuts\" id=\"lw_1334141544_4\"> erh\u00f6hen<\/span> <span class=\"yshortcuts\" id=\"lw_1334141544_5\"> Langlebigkeit<\/span> gesch\u00e4tzt wird doppelt bis 2030 (mehr als 65,70 Millionen) bis zum Jahr 2050 (115,4 Mio.) verdreifachen wird.<\/p>\n<p>Heute, zwischen zwei und acht Menschen jedes hundert \u00fcber 60-j\u00e4hrigen, die es auf der Welt gibt leiden unter Demenz.<\/p>\n<p>Demenz F\u00e4lle auftreten, in allen L\u00e4ndern, aber vor allem Affekte (58 %) Menschen leben in L\u00e4ndern mit einem mittleren oder niedrigen Einkommen ein Anteil von 25 Prozent aufgrund der zunehmenden Langlebigkeit in jenen Nationen gesch\u00e4tzt.<\/p>\n<p>&#8220;Wir haben diese Epidemie zu stoppen, weil die Folgen f\u00fcr die \u00f6ffentlichen Gesundheitssysteme katastrophal sein k\u00f6nnen.&#8221; &#8220;Wir sch\u00e4tzen, dass es ein neuer Fall Demenz alle vier Sekunden, was meine 7,70 Millionen jedes Jahr, als vor zehn Jahren eine alle zehn Sekunden war,&#8221; Press <span class=\"yshortcuts\" id=\"lw_1334141544_6\"> Marc Wortmann<\/span>, Gesch\u00e4ftsf\u00fchrer der Krankheit <span class=\"yshortcuts\" id=\"lw_1334141544_7\"> Alzheimer&rsquo;s Disease international<\/span> (<span class=\"yshortcuts\" id=\"lw_1334141544_8\"> ADI<\/span>) Entit\u00e4t gewarnt.<\/p>\n<p>Dieser Agentur und der World Health Organization (wer) einen Bericht mit dem Titel produziert haben &#8220;Demenz: \u00f6ffentliche Gesundheit Priorit\u00e4t&#8221; in die entmystifiziert die Entwicklungen und Trends einer Krankheit, die exponentiell ansteigt.<\/p>\n<p>Drei Gr\u00fcnde erkl\u00e4ren diese Progression: die strenge Bev\u00f6lkerungswachstum, die allgemein gestiegene Lebenserwartung und die Zunahme der Erkennung der Krankheit dank verbesserter Methoden der Diagnostik.<\/p>\n<p>Demenz ist ein Syndrom, oft chronische, wodurch normalerweise eine Verschlechterung der kognitiven Funktionen, die gr\u00f6\u00dfer ist als die durch Alterung verursacht wird.<\/p>\n<p>Demenz wirkt sich mit Speicher, Argumentation, Anleitung, Verst\u00e4ndnis, Berechnung, lernen, F\u00e4higkeit, Sprache, Verhalten und die F\u00e4higkeit zur Durchf\u00fchrung von t\u00e4glicher Aktivit\u00e4ten.<\/p>\n<p>Alzheimer-Krankheit ist die h\u00e4ufigste Ursache von Demenz und ist die Quelle von fast 70 Prozent der F\u00e4lle.<\/p>\n<p>ADI und wer pr\u00fcfen, versuchen, versuchen, die Verbesserung der Lebensqualit\u00e4t von Menschen mit Demenz kostet 604 Millionen Dollar j\u00e4hrlich.<\/p>\n<p>In diesem Betrag ist die Summe der Kosten f\u00fcr die medizinische und palliative Behandlungen und Einkommen, die nicht mehr wahrnehmen, sowohl die Kranken und diejenigen, die f\u00fcr sie zust\u00e4ndig sind.<\/p>\n<p>Nur acht L\u00e4nder der Welt haben ein nationales Programm zur Bek\u00e4mpfung der Demenz, die Fr\u00fcherkennung, eines der wichtigsten Hindernisse im Kampf gegen die Krankheit hindert laut Bericht.<\/p>\n<p>Das Fehlen der Diagnose ist ein gro\u00dfes Problem, und auch in L\u00e4ndern mit hohem Einkommen Demenz ist nur im fr\u00fchzeitig erkannt zwischen einem F\u00fcnftel und der H\u00e4lfte der F\u00e4lle.<\/p>\n<p>In der Regel ist die Erkrankung diagnostiziert, wenn es in einem ziemlich fortgeschrittenen Stadium ist.<\/p>\n<p>&#8220;Wir haben keine Heilung f\u00fcr die Krankheit aber eine fr\u00fche Diagnose erm\u00f6glicht Behandlungen zu starten, das \u00e4ndern den Verschlechterung Prozess und erkl\u00e4ren die Enden von der Krankheit in der Familie, kann&#8221;, sagte Sheckhar Saxena, Direktor von the who-geistige Gesundheit.<\/p>\n<p>Neben der Verbesserung der Fr\u00fcherkennung, schl\u00e4gt der Bericht vor General vor der Krankheit-Bewusstsein, damit ein Makel sein, die zur sozialen Isolierung des Patienten und ihre Betreuer tr\u00e4gt.<\/p>\n<p>In der Tat, der Text weist darauf hin, dass Personen, die Pflege f\u00fcr Menschen mit Demenz besonders ausgesetzt sind, um geistige, Leiden wie Depressionen oder Angstst\u00f6rungen.<\/p>\n<p>Pflegepersonen, die in ihrer \u00fcberwiegenden Mehrheit Betreuer sind, sind auch wirtschaftlichen not konfrontiert, weil sie Arbeit zu stoppen oder ihre Arbeitszeit reduzieren um die Kranken k\u00fcmmern sollte. EFE<\/p>\n","protected":false},"excerpt":{"rendered":"<p>Genf, 11 Apr ( EFE).-nahe 35,60 Millionen Menschen weltweit leiden an Demenz, eine Abbildung, die durch die Zunahme der Bev\u00f6lkerung und der erh\u00f6hen Langlebigkeit gesch\u00e4tzt wird doppelt bis 2030 (mehr als 65,70 Millionen) bis zum Jahr 2050 (115,4 Mio.) verdreifachen wird. Heute, zwischen zwei und acht Menschen jedes hundert \u00fcber 60-j\u00e4hrigen, die es auf der [&hellip;]<\/p>\n","protected":false},"author":1,"featured_media":0,"comment_status":"close","ping_status":"open","sticky":false,"template":"","format":"standard","meta":{"footnotes":""},"categories":[3],"tags":[27243],"class_list":["post-15918","post","type-post","status-publish","format-standard","hentry","category-allgemeine","tag-rgt","et-doesnt-have-format-content","et_post_format-et-post-format-standard"],"_links":{"self":[{"href":"https:\/\/www.best-dentist-dentistry.com\/de\/wp-json\/wp\/v2\/posts\/15918","targetHints":{"allow":["GET"]}}],"collection":[{"href":"https:\/\/www.best-dentist-dentistry.com\/de\/wp-json\/wp\/v2\/posts"}],"about":[{"href":"https:\/\/www.best-dentist-dentistry.com\/de\/wp-json\/wp\/v2\/types\/post"}],"author":[{"embeddable":true,"href":"https:\/\/www.best-dentist-dentistry.com\/de\/wp-json\/wp\/v2\/users\/1"}],"replies":[{"embeddable":true,"href":"https:\/\/www.best-dentist-dentistry.com\/de\/wp-json\/wp\/v2\/comments?post=15918"}],"version-history":[{"count":0,"href":"https:\/\/www.best-dentist-dentistry.com\/de\/wp-json\/wp\/v2\/posts\/15918\/revisions"}],"wp:attachment":[{"href":"https:\/\/www.best-dentist-dentistry.com\/de\/wp-json\/wp\/v2\/media?parent=15918"}],"wp:term":[{"taxonomy":"category","embeddable":true,"href":"https:\/\/www.best-dentist-dentistry.com\/de\/wp-json\/wp\/v2\/categories?post=15918"},{"taxonomy":"post_tag","embeddable":true,"href":"https:\/\/www.best-dentist-dentistry.com\/de\/wp-json\/wp\/v2\/tags?post=15918"}],"curies":[{"name":"wp","href":"https:\/\/api.w.org\/{rel}","templated":true}]}}