{"id":16186,"date":"2012-09-18T02:32:35","date_gmt":"2012-09-18T02:32:35","guid":{"rendered":null},"modified":"-0001-11-30T00:00:00","modified_gmt":"-0001-11-30T00:00:00","slug":"amnesty-international-considers-the-absolutely-regressive-health-care-reform","status":"publish","type":"post","link":"https:\/\/www.best-dentist-dentistry.com\/de\/amnesty-international-considers-the-absolutely-regressive-health-care-reform\/16186","title":{"rendered":"amnesty international considers the absolutely regressive health care reform"},"content":{"rendered":"<p class=\"first\"> Madrid, 25 Apr (EFE).-Amnesty International (AI) hat heute betrachtet, dass Zugang zu \u00f6ffentlichen Gesundheitssystems zu Migranten in einer regelwidrigen Lage ist eine &#8220;v\u00f6llig regressiv&#8221;.<\/p>\n<p>Also hat es der stellvertretende Direktor des AI in Spanien, Eva Suarez-Llanos, in Aussagen zu Efe, gesichert, die ihre Besorgnis \u00fcber die Auswirkungen des Decreto legislativo genehmigt von der Regierung auf die Gesundheit der Bev\u00f6lkerung und insbesondere auf die schw\u00e4chsten Gruppen gezeigt hat.<\/p>\n<p>Gesundheitsreform sieht vor, dass Migranten in einer irregul\u00e4ren Situation in einigen dringenden F\u00e4llen nicht mehr kostenlose Gesundheitsversorgung am 1. September, au\u00dfer wahrnehmen werden.<\/p>\n<p>Suarez-Llanos erinnerte daran, dass Spanien &#8220;der wenigen L\u00e4nder&#8221;, dass es den internationalen Pakt \u00fcber wirtschaftliche, soziale und kulturelle Rechte, die Kr\u00e4fte ratifiziert hat, um das Recht auf Gesundheit &#8220;ohne Degressivit\u00e4t oder Diskriminierung&#8221; zu respektieren.<\/p>\n<p>Einschr\u00e4nkung der Gesundheit Hilfe f\u00fcr irregul\u00e4re Migranten, entsprechend der stellvertretende Direktor des AI, &#8220;w\u00fcrde die Verpflichtung verletzt werden&#8221; angenommen durch Spanien, diesen Vertrag zu ratifizieren.<\/p>\n<p>Seiner Ansicht, diese Ma\u00dfnahme die Leben einiger Menschen gef\u00e4hrden k\u00f6nnten, und hat betont, dass es besondere Wirkung bei chronisch Kranken, die an psychischen Erkrankungen leiden und jenen eine Behandlung gegen Schmerzen ben\u00f6tigen haben kann.<\/p>\n<p>&#8220;Wollen erinnern verweigern, dass eine Behandlung gegen Schmerzen verst\u00f6\u00dft gegen internationale Menschenrechtsstandards,&#8221; hat gesagt Suarez-Llanos, denen verweigert, dass Einwanderer Gesundheitsdienste unberechtigterweise.<\/p>\n<p>In diesem Sinne, hat darauf bestanden, dass die EU-Grundrechte-Agentur bereits gewarnt, dass ausgeschlossene irregul\u00e4re Migranten im Gesundheitswesen k\u00f6nnen ihr Leben gef\u00e4hrden und stellen ein potenzielles Risiko f\u00fcr die Gesundheit aller B\u00fcrger durch ansteckende Krankheiten, die sie \u00fcbertragen k\u00f6nnen.<\/p>\n<p>Hat auch betont, dass Frauen, die Opfer von Gewalt gegen Frauen und haben keine ihrer Situation regularisiert werden auch betroffen, da seiner Meinung nach wird beschr\u00e4nken sie den Zugang zu prim\u00e4ren &#8220;ist Gesundheitspflege, welche die Hauptweise&#8221; Erkennung von Misshandlungen.<\/p>\n","protected":false},"excerpt":{"rendered":"<p>Madrid, 25 Apr (EFE).-Amnesty International (AI) hat heute betrachtet, dass Zugang zu \u00f6ffentlichen Gesundheitssystems zu Migranten in einer regelwidrigen Lage ist eine &#8220;v\u00f6llig regressiv&#8221;. Also hat es der stellvertretende Direktor des AI in Spanien, Eva Suarez-Llanos, in Aussagen zu Efe, gesichert, die ihre Besorgnis \u00fcber die Auswirkungen des Decreto legislativo genehmigt von der Regierung auf [&hellip;]<\/p>\n","protected":false},"author":1,"featured_media":0,"comment_status":"close","ping_status":"open","sticky":false,"template":"","format":"standard","meta":{"footnotes":""},"categories":[3],"tags":[],"class_list":["post-16186","post","type-post","status-publish","format-standard","hentry","category-allgemeine","et-doesnt-have-format-content","et_post_format-et-post-format-standard"],"_links":{"self":[{"href":"https:\/\/www.best-dentist-dentistry.com\/de\/wp-json\/wp\/v2\/posts\/16186","targetHints":{"allow":["GET"]}}],"collection":[{"href":"https:\/\/www.best-dentist-dentistry.com\/de\/wp-json\/wp\/v2\/posts"}],"about":[{"href":"https:\/\/www.best-dentist-dentistry.com\/de\/wp-json\/wp\/v2\/types\/post"}],"author":[{"embeddable":true,"href":"https:\/\/www.best-dentist-dentistry.com\/de\/wp-json\/wp\/v2\/users\/1"}],"replies":[{"embeddable":true,"href":"https:\/\/www.best-dentist-dentistry.com\/de\/wp-json\/wp\/v2\/comments?post=16186"}],"version-history":[{"count":0,"href":"https:\/\/www.best-dentist-dentistry.com\/de\/wp-json\/wp\/v2\/posts\/16186\/revisions"}],"wp:attachment":[{"href":"https:\/\/www.best-dentist-dentistry.com\/de\/wp-json\/wp\/v2\/media?parent=16186"}],"wp:term":[{"taxonomy":"category","embeddable":true,"href":"https:\/\/www.best-dentist-dentistry.com\/de\/wp-json\/wp\/v2\/categories?post=16186"},{"taxonomy":"post_tag","embeddable":true,"href":"https:\/\/www.best-dentist-dentistry.com\/de\/wp-json\/wp\/v2\/tags?post=16186"}],"curies":[{"name":"wp","href":"https:\/\/api.w.org\/{rel}","templated":true}]}}