{"id":16267,"date":"2012-09-19T02:31:36","date_gmt":"2012-09-19T02:31:36","guid":{"rendered":null},"modified":"-0001-11-30T00:00:00","modified_gmt":"-0001-11-30T00:00:00","slug":"protest-over-wages-in-bolivia-leaves-wounded-and-detainees","status":"publish","type":"post","link":"https:\/\/www.best-dentist-dentistry.com\/de\/protest-over-wages-in-bolivia-leaves-wounded-and-detainees\/16267","title":{"rendered":"protest over wages in bolivia leaves wounded and detainees"},"content":{"rendered":"<p class=\"first\"> LA PAZ (Reuters) &#8211; mindestens 10 Polizisten wurden verletzt und drei Demonstranten wurden verhaftet, am Dienstag nach einer massiven Gewerkschaft M\u00e4rz, die das Zentrum von La Paz, in den ersten zwei Tagen der Proteste in Bolivien Nachfrage nach Gehalt Weiterentwicklung ersch\u00fcttert.<\/p>\n<p>Schock, der Regierung zur\u00fcckzuf\u00fchren auf die Aktionen &#8220;provokativ Infiltratoren&#8221; in der Marsch und Gewerkschaftsf\u00fchrer Timoshenko, Polizeirepression, erh\u00f6hte soziale Spannungen gegen\u00fcber der Regierung von Evo Morales f\u00fcr eine Summe von Konflikten in mehreren Bezirken.<\/p>\n<p>, Aber die Regierung war noch sein Unternehmen sowohl L\u00f6hne wie vor ein paralleler Streik in knapp vier Wochen der \u00c4rzte in \u00f6ffentlichen Krankenh\u00e4usern und dem bevorstehenden Beginn der neue Marsch der einheimischen Amazon gegen eine Stra\u00dfe protestieren Projekt im Dschungel.<\/p>\n<p>&#8220;Im ganzen Land heute mit praktisch absolute Normalit\u00e4t gearbeitet&#8221;, sagte der Innenminister, Carlos Romero, in Pressekonferenz zum Auswerten des Protests, dass die Central Obrera Boliviana (COB) als einen &#8220;Generalstreik&#8221; einberufen worden war.<\/p>\n<p>Der F\u00fchrer der COB, Juan Carlos Trujillo, Reportern r\u00e4umte ein, dass in jedem Sektor au\u00dfer Gesundheitsdienste betroffen durch den Streik gegen ein Dekret, das l\u00f6st die Pflicht, uns in diesem Sektor von sechs bis acht Stunden pro Tag gab es keine Arbeitsunterbrechung.<\/p>\n<p>Hinzugef\u00fcgt &#8220;Haben gesagt, dass wir einen Kampf beginnen und jetzt einen Generalstreik auf unbestimmte Zeit bereiten,&#8221;.<\/p>\n<p>Romero sagte, f\u00fcnf verletzte Polizisten wurden in ein medizinisches Zentrum mit Verletzungen durch die Explosion der &#8220;Welpen&#8221; oder kleine Ladungen Dynamit ausgel\u00f6st durch Demonstranten interniert, und ihr Leben nicht in Gefahr waren.<\/p>\n<p>Gef\u00e4ngnistagebuch Demonstranten werden verrechnet mit Angriff auf Polizei und illegale Verwendung von Sprengstoffen, sagte Polizei-Quellen von lokalem Fernsehen zitiert.<\/p>\n<p>Die Regierung hat angeboten, der nationale Mindestlohn von 18 Prozent, finden Sie in den Gegenwert von 142 Dollar pro Monat, zu erh\u00f6hen und der Rest der Geh\u00e4lter um durchschnittlich von 7 Prozent, kaum kompensieren angesammelt im vergangenen Jahr Einzelhandel Inflation.<\/p>\n<p>The COB stattdessen ausgel\u00f6st eine Verg\u00fctung, die Abdeckung einen &#8220;Korb&#8221; von Kosten sch\u00e4tzungsweise $ 1.200 pro Monat f\u00fcr eine Familie von f\u00fcnf Mitgliedern erlaubt.<\/p>\n<p>(Carlos a. Quiroga Bericht, herausgegeben von Patricia Avila)<\/p>\n","protected":false},"excerpt":{"rendered":"<p>LA PAZ (Reuters) &#8211; mindestens 10 Polizisten wurden verletzt und drei Demonstranten wurden verhaftet, am Dienstag nach einer massiven Gewerkschaft M\u00e4rz, die das Zentrum von La Paz, in den ersten zwei Tagen der Proteste in Bolivien Nachfrage nach Gehalt Weiterentwicklung ersch\u00fcttert. Schock, der Regierung zur\u00fcckzuf\u00fchren auf die Aktionen &#8220;provokativ Infiltratoren&#8221; in der Marsch und Gewerkschaftsf\u00fchrer [&hellip;]<\/p>\n","protected":false},"author":1,"featured_media":0,"comment_status":"close","ping_status":"open","sticky":false,"template":"","format":"standard","meta":{"footnotes":""},"categories":[3],"tags":[],"class_list":["post-16267","post","type-post","status-publish","format-standard","hentry","category-allgemeine","et-doesnt-have-format-content","et_post_format-et-post-format-standard"],"_links":{"self":[{"href":"https:\/\/www.best-dentist-dentistry.com\/de\/wp-json\/wp\/v2\/posts\/16267","targetHints":{"allow":["GET"]}}],"collection":[{"href":"https:\/\/www.best-dentist-dentistry.com\/de\/wp-json\/wp\/v2\/posts"}],"about":[{"href":"https:\/\/www.best-dentist-dentistry.com\/de\/wp-json\/wp\/v2\/types\/post"}],"author":[{"embeddable":true,"href":"https:\/\/www.best-dentist-dentistry.com\/de\/wp-json\/wp\/v2\/users\/1"}],"replies":[{"embeddable":true,"href":"https:\/\/www.best-dentist-dentistry.com\/de\/wp-json\/wp\/v2\/comments?post=16267"}],"version-history":[{"count":0,"href":"https:\/\/www.best-dentist-dentistry.com\/de\/wp-json\/wp\/v2\/posts\/16267\/revisions"}],"wp:attachment":[{"href":"https:\/\/www.best-dentist-dentistry.com\/de\/wp-json\/wp\/v2\/media?parent=16267"}],"wp:term":[{"taxonomy":"category","embeddable":true,"href":"https:\/\/www.best-dentist-dentistry.com\/de\/wp-json\/wp\/v2\/categories?post=16267"},{"taxonomy":"post_tag","embeddable":true,"href":"https:\/\/www.best-dentist-dentistry.com\/de\/wp-json\/wp\/v2\/tags?post=16267"}],"curies":[{"name":"wp","href":"https:\/\/api.w.org\/{rel}","templated":true}]}}