{"id":16324,"date":"2012-09-19T02:55:36","date_gmt":"2012-09-19T02:55:36","guid":{"rendered":null},"modified":"-0001-11-30T00:00:00","modified_gmt":"-0001-11-30T00:00:00","slug":"the-idibell-appoints-josa-manuel-menchan-new-director-scientific","status":"publish","type":"post","link":"https:\/\/www.best-dentist-dentistry.com\/de\/the-idibell-appoints-josa-manuel-menchan-new-director-scientific\/16324","title":{"rendered":"the idibell appoints josa manuel menchan new director scientific"},"content":{"rendered":"<p class=\"first\"> BARCELONA, 24 (EUROPA PRESS)<\/p>\n<p>The Board of Trustees des Instituts f\u00fcr biomedizinische Forschung der Bellvitge (Idibell) Dienstag gab die Ernennung von Jos\u00e9 Manuel Mench\u00f3n als neuen Direktor des Zentrums, das Gabriel-Capella, seit 2009 ab 1. Oktober im Amt abl\u00f6sen wird wissenschaftliche.<\/p>\n<p>Mench\u00f3n, 54 Jahre, ist der Leiter der Forschungsgruppe der Psychiatrie und geistige Idibell Gesundheit, Leiter der Abteilung f\u00fcr Psychiatrie des Hospital de Bellvitge und Professor der Universit\u00e4t von Barcelona (UB), sagte der Mitte in einer Erkl\u00e4rung.<\/p>\n<p>Auch ernannt wurde, der Forscher Manel Esteller Direktor strategische Projekte, eine Ladung der neuen Sch\u00f6pfung gehalten als Ergebnis einer regul\u00e4ren Sitzung heute Morgen.<\/p>\n<p>Esteller Zahlen und erh\u00f6hen die Sichtbarkeit der Forschung in der Mitte, neue Wege der Finanzierung zu erhalten und neue Gesch\u00e4ftsm\u00f6glichkeiten zu generieren.<\/p>\n<p>The Board of Trustees, aus Vertretern des Departements Gesundheit und Wirtschaft, das Hospital de Bellvitge, der katalanischen Institut f\u00fcr Onkologie und der Universitat de Barcelona (UB) dankte die Arbeit von Capella, in jedem Fall Gruppen, die die verschiedene Forschung reorganisiert wurde.<\/p>\n","protected":false},"excerpt":{"rendered":"<p>BARCELONA, 24 (EUROPA PRESS) The Board of Trustees des Instituts f\u00fcr biomedizinische Forschung der Bellvitge (Idibell) Dienstag gab die Ernennung von Jos\u00e9 Manuel Mench\u00f3n als neuen Direktor des Zentrums, das Gabriel-Capella, seit 2009 ab 1. Oktober im Amt abl\u00f6sen wird wissenschaftliche. Mench\u00f3n, 54 Jahre, ist der Leiter der Forschungsgruppe der Psychiatrie und geistige Idibell Gesundheit, [&hellip;]<\/p>\n","protected":false},"author":1,"featured_media":0,"comment_status":"close","ping_status":"open","sticky":false,"template":"","format":"standard","meta":{"footnotes":""},"categories":[3],"tags":[],"class_list":["post-16324","post","type-post","status-publish","format-standard","hentry","category-allgemeine","et-doesnt-have-format-content","et_post_format-et-post-format-standard"],"_links":{"self":[{"href":"https:\/\/www.best-dentist-dentistry.com\/de\/wp-json\/wp\/v2\/posts\/16324","targetHints":{"allow":["GET"]}}],"collection":[{"href":"https:\/\/www.best-dentist-dentistry.com\/de\/wp-json\/wp\/v2\/posts"}],"about":[{"href":"https:\/\/www.best-dentist-dentistry.com\/de\/wp-json\/wp\/v2\/types\/post"}],"author":[{"embeddable":true,"href":"https:\/\/www.best-dentist-dentistry.com\/de\/wp-json\/wp\/v2\/users\/1"}],"replies":[{"embeddable":true,"href":"https:\/\/www.best-dentist-dentistry.com\/de\/wp-json\/wp\/v2\/comments?post=16324"}],"version-history":[{"count":0,"href":"https:\/\/www.best-dentist-dentistry.com\/de\/wp-json\/wp\/v2\/posts\/16324\/revisions"}],"wp:attachment":[{"href":"https:\/\/www.best-dentist-dentistry.com\/de\/wp-json\/wp\/v2\/media?parent=16324"}],"wp:term":[{"taxonomy":"category","embeddable":true,"href":"https:\/\/www.best-dentist-dentistry.com\/de\/wp-json\/wp\/v2\/categories?post=16324"},{"taxonomy":"post_tag","embeddable":true,"href":"https:\/\/www.best-dentist-dentistry.com\/de\/wp-json\/wp\/v2\/tags?post=16324"}],"curies":[{"name":"wp","href":"https:\/\/api.w.org\/{rel}","templated":true}]}}