{"id":16496,"date":"2012-09-21T02:20:41","date_gmt":"2012-09-21T02:20:41","guid":{"rendered":null},"modified":"-0001-11-30T00:00:00","modified_gmt":"-0001-11-30T00:00:00","slug":"a-mother-seeks-justice-for-his-daughter-abused-by-his-caregiver-now-escape","status":"publish","type":"post","link":"https:\/\/www.best-dentist-dentistry.com\/de\/a-mother-seeks-justice-for-his-daughter-abused-by-his-caregiver-now-escape\/16496","title":{"rendered":"Eine Mutter sucht Gerechtigkeit f\u00fcr seine Tochter von seiner Bezugsperson missbraucht, jetzt zu entkommen"},"content":{"rendered":"<p class=\"first\"> Madrid, 10 M\u00e4r (EFE). &#8211; &#8220;Ich glaube an Gerechtigkeit, aber ich will Gerechtigkeit mit meiner Tochter zu tun&#8221;, sagte EfE die Mutter eines M\u00e4dchens, mit nur 6 Monaten, irreversible Verletzungen erlitten &#8211; blind und im Rollstuhl f\u00fcr Leben &#8211; durch Missbrauch von ihrem Betreuer, der nach 9 Jahren im Gef\u00e4ngnis verurteilt hat flohen.<\/p>\n<p>Im Fall von dieses M\u00e4dchen erlangte im November letzten Jahres wann die provinzielle Gericht Madrid Clara Erika A.A. beurteilt, beschuldigt, missbrauchen es w\u00e4hrend ich seine Position in der &#8220;Patera Kinderstube&#8221; &#8211; d.h. ohne eine Lizenz f\u00fcr diese T\u00e4tigkeit hatte &#8211; ein Stock von der Stra\u00dfe Clara Campoamor in Madrid-Stadtteil Carabanchel.<\/p>\n<p>Einen Monat nach der Ansicht Clara Erika <\/p>\n<p>war ein Verbrechen schwerer Verletzungen mit der erschwerende Umstand des Verrats f\u00fcr schuldig befunden und verurteilt zu 9 Jahren Haft und der Zahlung von 800.000 Euro Entsch\u00e4digung, sondern &#8220;das System ist fehlgeschlagen&#8221;, seit wann es berichtet, war der Satz, den die Frau bereits das Leck gegeben hatte sagt EfE der Anwalt der Familie des OpfersAntonio Serrano.<\/p>\n<p>Anwalt erkl\u00e4rt, dass f\u00fcr die Verurteilten, ecuadorianischer Nationalit\u00e4t ungekl\u00e4rt ist und dass dar\u00fcber hinaus die wenigen Anlagen, die hat Embargo sind, so getan haben &#8220;alles rechtlich getan werden musste&#8221;, obwohl er glaubt, wenn die Beh\u00f6rden nicht Will nicht finden bezahlen was sie getan hat.<\/p>\n<p>Die Mutter des Minderj\u00e4hrigen Celida, bolivianischen und, dass er in 2002 Suche nach ein besseren Leben in Spanien angekommen, kann keine Tr\u00e4nen enthalten Recalling, da\u00df am 1. M\u00e4rz 2010 vertraute er in eine bekannte er, wer, dass betreut Kinder stundenlang wusste um einen Job als ein sauberer weil zu finden war arbeitslos.<\/p>\n<p>ihr Baby in einem perfekten Zustand der Gesundheit, verlassen, wie ein paar Stunden, bevor es zu einer medizinischen Routineuntersuchung &#8211; gef\u00fchrt hatte geschah Ende best\u00e4tigt im Urteil des Arztes, die besuchte es &#8211; aber ein paar Stunden nachdem Clara Erika aufgerufen ihr um ihr zu sagen, dass kleine hatte pl\u00f6tzlich ohnm\u00e4chtig.<\/p>\n<p>Mutter musste direkt ins Krankenhaus Doce de Octubre, zu gehen, wo das M\u00e4dchen naher Tod f\u00fcr einige Tage durch eine schwere Kopfverletzung und retinale Einheiten war.<\/p>\n<p>Obwohl die Beklagte kurz danach verhaftet wurde und vierzehn Tage in Untersuchungshaft genommen verbrachte, am 19. M\u00e4rz der Richter erlie\u00df seine Kaution anh\u00e4ngigen Gerichtsverfahren weil kleine \u00fcberlebt hatten, obwohl mit 70 Prozent Behinderung.<\/p>\n<p>Bei der Anh\u00f6rung in der m\u00fcndlichen Verhandlung Madrid, Clara Erika verweigert haben, schlug oder fiel auf den Boden, das M\u00e4dchen und nur best\u00e4tigt, dass es ersch\u00fcttert hatte, &#8220;um Sie reagieren zu machen&#8221;.<\/p>\n<p>&#8220;Nie wurde in der Note zu wissen, wie das M\u00e4dchen war&#8221;, sagte Celida, erinnert an, die w\u00e4hrend der Verhandlung die Frau war begrenzt, zu sagen, dass &#8220;Ich f\u00fchlte mich, was ich verbrachte&#8221; und sicherzustellen, dass sie und ihr Ehemann heute in psychologische Behandlung bleiben, die Realit\u00e4t ihrer Tochter zu \u00fcberwinden: &#8220;Sie kann nicht laufen, nicht sehen und m\u00f6glicherweise geistige Retardierung&#8221;.<\/p>\n<p>&#8220;Manchmal kann ich nicht noch glauben&#8221;, erkennt die Mutter mit breathy voice Stimme.<\/p>\n<p>Seinem Anwalt verwaltet, die Erika &#8220;direkt verantwortlich ist&#8221;, der den Zustand des Kindes, jetzt zweieinhalb Jahre alt, klar, aber stattdessen ist &#8220;frei&#8221; und &#8220;er hat nicht einen Euro gezahlt&#8221;.<\/p>\n<p>Klein und deine Eltern m\u00fcssen Lebensdauer &#8220;Wirtschaftshilfe&#8221; um voranzukommen, und in der Lage, einen Job mit Ihrer Sch\u00fctzlinge zu kombinieren, also Serrano beharrt auf Fragen Justizbeh\u00f6rden, soziale und staatliche Beh\u00f6rden &#8220;beteiligt&#8221; mit diesem Fall.<\/p>\n<p>&#8220;Soll es der Polizei seit Januar &#8211; wenn der dritte Abschnitt der Court Madrid vereinbart zu Haft und k\u00e4mpfte die entsprechenden Auftr\u00e4ge f\u00fcr die Sicherheitskr\u00e4fte suchen \u2014 aber wir haben Vermutungen, die in Ihrem Land m\u00f6glicherweise&#8221; trotz seinen Pass haben im Ruhestand, Beratung hervorgehoben.<\/p>\n<p>&#8220;Das einzige, was wir fordern ist, dass die zust\u00e4ndigen Beh\u00f6rden zu suchen,&#8221; noch einmal betonen, der Anwalt und die Mutter des kleinen.<\/p>\n","protected":false},"excerpt":{"rendered":"<p>Madrid, 10 M\u00e4r (EFE). &#8211; &#8220;Ich glaube an Gerechtigkeit, aber ich will Gerechtigkeit mit meiner Tochter zu tun&#8221;, sagte EfE die Mutter eines M\u00e4dchens, mit nur 6 Monaten, irreversible Verletzungen erlitten &#8211; blind und im Rollstuhl f\u00fcr Leben &#8211; durch Missbrauch von ihrem Betreuer, der nach 9 Jahren im Gef\u00e4ngnis verurteilt hat flohen. Im Fall [&hellip;]<\/p>\n","protected":false},"author":1,"featured_media":0,"comment_status":"close","ping_status":"open","sticky":false,"template":"","format":"standard","meta":{"footnotes":""},"categories":[3],"tags":[27901],"class_list":["post-16496","post","type-post","status-publish","format-standard","hentry","category-allgemeine","tag-streaming","et-doesnt-have-format-content","et_post_format-et-post-format-standard"],"_links":{"self":[{"href":"https:\/\/www.best-dentist-dentistry.com\/de\/wp-json\/wp\/v2\/posts\/16496","targetHints":{"allow":["GET"]}}],"collection":[{"href":"https:\/\/www.best-dentist-dentistry.com\/de\/wp-json\/wp\/v2\/posts"}],"about":[{"href":"https:\/\/www.best-dentist-dentistry.com\/de\/wp-json\/wp\/v2\/types\/post"}],"author":[{"embeddable":true,"href":"https:\/\/www.best-dentist-dentistry.com\/de\/wp-json\/wp\/v2\/users\/1"}],"replies":[{"embeddable":true,"href":"https:\/\/www.best-dentist-dentistry.com\/de\/wp-json\/wp\/v2\/comments?post=16496"}],"version-history":[{"count":0,"href":"https:\/\/www.best-dentist-dentistry.com\/de\/wp-json\/wp\/v2\/posts\/16496\/revisions"}],"wp:attachment":[{"href":"https:\/\/www.best-dentist-dentistry.com\/de\/wp-json\/wp\/v2\/media?parent=16496"}],"wp:term":[{"taxonomy":"category","embeddable":true,"href":"https:\/\/www.best-dentist-dentistry.com\/de\/wp-json\/wp\/v2\/categories?post=16496"},{"taxonomy":"post_tag","embeddable":true,"href":"https:\/\/www.best-dentist-dentistry.com\/de\/wp-json\/wp\/v2\/tags?post=16496"}],"curies":[{"name":"wp","href":"https:\/\/api.w.org\/{rel}","templated":true}]}}