{"id":16499,"date":"2012-09-21T02:20:54","date_gmt":"2012-09-21T02:20:54","guid":{"rendered":null},"modified":"-0001-11-30T00:00:00","modified_gmt":"-0001-11-30T00:00:00","slug":"satse-shows-its-opposition-to-labor-reform-because-it-entails-higher-unemployment-and-fewer-rights","status":"publish","type":"post","link":"https:\/\/www.best-dentist-dentistry.com\/de\/satse-shows-its-opposition-to-labor-reform-because-it-entails-higher-unemployment-and-fewer-rights\/16499","title":{"rendered":"SATSE zeigt seinen Widerstand gegen die Reform der Arbeit, weil sie h\u00f6here Arbeitslosigkeit und weniger Rechte beinhaltet"},"content":{"rendered":"<p class=\"first\"> <span class=\"yshortcuts\" id=\"lw_1331559238_0\"> MADRID<\/span>, 12 (<span class=\"yshortcuts\" id=\"lw_1331559238_1\"> EUROPA PRESS<\/span>)<\/p>\n<p><span class=\"yshortcuts\" id=\"lw_1331559238_2\"> Die Union<\/span> <span class=\"yshortcuts\" id=\"lw_1331559238_4\"> SATSE<\/span> <span class=\"yshortcuts\" id=\"lw_1331559238_3\"> Krankenpflege<\/span> hat erkl\u00e4rt, dass, obwohl es nicht Convener des den <span class=\"yshortcuts\" id=\"lw_1331559238_5\"> Generalstreik<\/span> geplant f\u00fcr die <span class=\"yshortcuts\" id=\"lw_1331559238_6\"> n\u00e4chsten<\/span> 29. M\u00e4rz, ist gegen die <span class=\"yshortcuts\" id=\"lw_1331559238_7\"> Reform<\/span>-Werke von &#8220;unfair&#8221;, da statt Schaffung von <span class=\"yshortcuts\" id=\"lw_1331559238_8\"> Besch\u00e4ftigung<\/span>, &#8220;Pausen werden die Regeln des Spiels zu Gunsten der Arbeitgeber, die einseitige Bedingungen f\u00fcr die Arbeitnehmer, und diese zu verh\u00e4ngen, wird am meisten gef\u00e4hrdeten &rsquo;.<\/p>\n<p>Aus der Union zeigen, dass sie auch k\u00fcnftig zu mobilisieren, &#8220;wie es monatelang getan hat&#8221;, um zu vermeiden, Schnitte und die progressive Verschlechterung der Versorgung, die dem Benutzer des nationalen Systems der Gesundheit (SNS) angeboten wird.<\/p>\n<p>SATSE, Alejandro Laguna, Generalsekret\u00e4r sagt, dass Sie es gibt mehr als genug, um alle Arten von Protest, wie Demonstrationen und Konzentrationen weiter Aktionen am Arbeitsplatz Gr\u00fcnde. &#8220;Mit das Ziel einen gesundheitlichen zu verteidigen, f\u00fcr alle Profis die Spanier verdient&#8221;, erkl\u00e4rt, zum Zeitpunkt &#8220;nicht zur Krise abzubauen, die Gesundheit und den Zustand des Wohlbefindens, dass so viele Jahre und Anstrengungen gekostet hat Build&#8221; warnt,.<\/p>\n<p>In Bezug auf Gesundheit, um zu beantragen, ein Treffen im Ministerium f\u00fcr Gesundheit, soziale Dienste und Gleichheit und dass einzuberufen, die Vertreter der Arbeitnehmer im staatlichen Sektor Bureau der Gesundheit zur\u00fcckgegeben hat. &#8220;Niemand kann sprechen, der einen Pakt f\u00fcr Gesundheit zu erreichen, ohne Ber\u00fccksichtigung der Stellungnahme und Vorschl\u00e4ge zur Verbesserung der Menschen, die Arbeiten und daher die meisten wissen es&#8221;, f\u00fcgt.<\/p>\n<p>Lagune hat davor gewarnt, dass es schrittweise die Privatisierung \u00f6ffentlicher Dienstleistungen ist r\u00fcckl\u00e4ufig, daher die Pr\u00e4senz des Staates und generieren eine signifikante &#8220;Unausgeglichenheit&#8221; in der Verteilung des Wohlstands in unserem Land.<\/p>\n<p>Schlie\u00dflich sagt, dass es zwar Alternativen wie die Optimierung von Human Resources, Haushalte Finalisten oder die Verbesserung des Managements von Material und technologischen Ressourcen &#8220;ist ist opting um zu reduzieren, Personal und Dienstleistungen, die der Benutzer direkt betrifft, da letztlich die Qualit\u00e4t der Pflege verringert&#8221;.<\/p>\n","protected":false},"excerpt":{"rendered":"<p>MADRID, 12 ( EUROPA PRESS) Die Union SATSE Krankenpflege hat erkl\u00e4rt, dass, obwohl es nicht Convener des den Generalstreik geplant f\u00fcr die n\u00e4chsten 29. M\u00e4rz, ist gegen die Reform-Werke von &#8220;unfair&#8221;, da statt Schaffung von Besch\u00e4ftigung, &#8220;Pausen werden die Regeln des Spiels zu Gunsten der Arbeitgeber, die einseitige Bedingungen f\u00fcr die Arbeitnehmer, und diese zu [&hellip;]<\/p>\n","protected":false},"author":1,"featured_media":0,"comment_status":"close","ping_status":"open","sticky":false,"template":"","format":"standard","meta":{"footnotes":""},"categories":[3],"tags":[27902],"class_list":["post-16499","post","type-post","status-publish","format-standard","hentry","category-allgemeine","tag-terry-fox-marathon-krebs","et-doesnt-have-format-content","et_post_format-et-post-format-standard"],"_links":{"self":[{"href":"https:\/\/www.best-dentist-dentistry.com\/de\/wp-json\/wp\/v2\/posts\/16499","targetHints":{"allow":["GET"]}}],"collection":[{"href":"https:\/\/www.best-dentist-dentistry.com\/de\/wp-json\/wp\/v2\/posts"}],"about":[{"href":"https:\/\/www.best-dentist-dentistry.com\/de\/wp-json\/wp\/v2\/types\/post"}],"author":[{"embeddable":true,"href":"https:\/\/www.best-dentist-dentistry.com\/de\/wp-json\/wp\/v2\/users\/1"}],"replies":[{"embeddable":true,"href":"https:\/\/www.best-dentist-dentistry.com\/de\/wp-json\/wp\/v2\/comments?post=16499"}],"version-history":[{"count":0,"href":"https:\/\/www.best-dentist-dentistry.com\/de\/wp-json\/wp\/v2\/posts\/16499\/revisions"}],"wp:attachment":[{"href":"https:\/\/www.best-dentist-dentistry.com\/de\/wp-json\/wp\/v2\/media?parent=16499"}],"wp:term":[{"taxonomy":"category","embeddable":true,"href":"https:\/\/www.best-dentist-dentistry.com\/de\/wp-json\/wp\/v2\/categories?post=16499"},{"taxonomy":"post_tag","embeddable":true,"href":"https:\/\/www.best-dentist-dentistry.com\/de\/wp-json\/wp\/v2\/tags?post=16499"}],"curies":[{"name":"wp","href":"https:\/\/api.w.org\/{rel}","templated":true}]}}