{"id":16510,"date":"2012-09-21T02:22:21","date_gmt":"2012-09-21T02:22:21","guid":{"rendered":null},"modified":"-0001-11-30T00:00:00","modified_gmt":"-0001-11-30T00:00:00","slug":"the-pope-defends-to-ensure-for-all-adequate-access-to-water","status":"publish","type":"post","link":"https:\/\/www.best-dentist-dentistry.com\/de\/the-pope-defends-to-ensure-for-all-adequate-access-to-water\/16510","title":{"rendered":"Der Papst verteidigt, um &#8220;f\u00fcr alle&#8221; sicherzustellen &#8220;angemessener Zugang&#8221; zu Wasser"},"content":{"rendered":"<p class=\"first\"> <span class=\"yshortcuts\" id=\"lw_1332076576_0\"> Vatikanstadt<\/span>, 18 M\u00e4r (<span class=\"yshortcuts\" id=\"lw_1332076576_1\"> EFE<\/span>).-<span class=\"yshortcuts\" id=\"lw_1332076576_2\"> Papst Benedikt XVI<\/span> verteidigte die Notwendigkeit, &#8220;f\u00fcr alle&#8221; garantieren eine &#8220;gerechte, sichere und angemessene <span class=\"yshortcuts\"id=\"lw_1332076576_3\"> Wasser&#8221;<\/span> Zugriff auf mehrere Tausende von Gl\u00e4ubigen, die <span class=\"yshortcuts\" id=\"lw_1332076576_4\"> St.-Peter<\/span>-Platz f\u00fcr den Sonntag Angelus-Gebet kam.<\/p>\n<p>The Pontifex erinnert daran, dass Samstag, in Marseille (<span class=\"yshortcuts\" id=\"lw_1332076576_5\"> Frankreich<\/span>) VI <span class=\"yshortcuts\" id=\"lw_1332076576_6\"> World Forum<\/span> auf dem <span class=\"yshortcuts\" id=\"lw_1332076576_7\"> Wasser geschlossen wurde<\/span> und der <span class=\"yshortcuts\" id=\"lw_1332076576_8\"> Welttag<\/span> f\u00fcr Wasser, das in diesem Jahr konzentriert sich auf die Beziehung dieser &#8220;wertvolle und begrenzte Ressource mit Food Security&#8221; n\u00e4chsten Donnerstag stattfinden wird.<\/p>\n<p>Benedicto XVI hoffte, dass diese Initiativen beitragen werden, daf\u00fcr &#8220;f\u00fcr alle&#8221; eine &#8220;faire&#8221; Zugang zu Wasser, und damit &#8220;das Recht auf Leben und der Ern\u00e4hrung der jedes menschliche Wesen und verantwortungsvoller und solidarischen Einsatz aller G\u00fcter der Erde, zum Nutzen heutiger und k\u00fcnftiger Generationen&#8221; f\u00f6rdern.<\/p>\n<p>Der Papst auch darauf hingewiesen, die das Festival von San Jose und &#8220;Herz&#8221; Morgen ist dankte all jene, die ein Ged\u00e4chtnis f\u00fcr ihn in ihren gebeten, am Tag seiner Onomastik haben.<\/p>\n<p>Auch gebeten, die Gl\u00e4ubigen beten f\u00fcr seine Apostolische Reise nach Mexiko und Kuba, die zwischen 23 und 28 March. stattfinden wird<\/p>\n<p>Auf der anderen Seite der Theologe Papst, erinnerte daran, dass heute ist der vierte Sonntag im lieh, betonte, dass die jeweils S\u00fcnden, bekennen muss, so dass die Vergebung Gottes &#8220;in seinem Herzen und in seinem Leben&#8221; auswirken kann.<\/p>\n<p>&#8220;Manchmal Mann liebt mehr Finsternis als Licht wahrer Friede und echte Freude weil er ihre S\u00fcnden montiert ist, aber nur, wenn es \u00f6ffnet sich das Licht und aufrichtig bekennen unserer eigenen Sie Gott Schuld ist&#8221;, sagte er. EFE<\/p>\n","protected":false},"excerpt":{"rendered":"<p>Vatikanstadt, 18 M\u00e4r ( EFE).- Papst Benedikt XVI verteidigte die Notwendigkeit, &#8220;f\u00fcr alle&#8221; garantieren eine &#8220;gerechte, sichere und angemessene Wasser&#8221; Zugriff auf mehrere Tausende von Gl\u00e4ubigen, die St.-Peter-Platz f\u00fcr den Sonntag Angelus-Gebet kam. The Pontifex erinnert daran, dass Samstag, in Marseille ( Frankreich) VI World Forum auf dem Wasser geschlossen wurde und der Welttag f\u00fcr [&hellip;]<\/p>\n","protected":false},"author":1,"featured_media":0,"comment_status":"close","ping_status":"open","sticky":false,"template":"","format":"standard","meta":{"footnotes":""},"categories":[3],"tags":[27904],"class_list":["post-16510","post","type-post","status-publish","format-standard","hentry","category-allgemeine","tag-bse","et-doesnt-have-format-content","et_post_format-et-post-format-standard"],"_links":{"self":[{"href":"https:\/\/www.best-dentist-dentistry.com\/de\/wp-json\/wp\/v2\/posts\/16510","targetHints":{"allow":["GET"]}}],"collection":[{"href":"https:\/\/www.best-dentist-dentistry.com\/de\/wp-json\/wp\/v2\/posts"}],"about":[{"href":"https:\/\/www.best-dentist-dentistry.com\/de\/wp-json\/wp\/v2\/types\/post"}],"author":[{"embeddable":true,"href":"https:\/\/www.best-dentist-dentistry.com\/de\/wp-json\/wp\/v2\/users\/1"}],"replies":[{"embeddable":true,"href":"https:\/\/www.best-dentist-dentistry.com\/de\/wp-json\/wp\/v2\/comments?post=16510"}],"version-history":[{"count":0,"href":"https:\/\/www.best-dentist-dentistry.com\/de\/wp-json\/wp\/v2\/posts\/16510\/revisions"}],"wp:attachment":[{"href":"https:\/\/www.best-dentist-dentistry.com\/de\/wp-json\/wp\/v2\/media?parent=16510"}],"wp:term":[{"taxonomy":"category","embeddable":true,"href":"https:\/\/www.best-dentist-dentistry.com\/de\/wp-json\/wp\/v2\/categories?post=16510"},{"taxonomy":"post_tag","embeddable":true,"href":"https:\/\/www.best-dentist-dentistry.com\/de\/wp-json\/wp\/v2\/tags?post=16510"}],"curies":[{"name":"wp","href":"https:\/\/api.w.org\/{rel}","templated":true}]}}