{"id":16511,"date":"2012-09-21T02:22:25","date_gmt":"2012-09-21T02:22:25","guid":{"rendered":null},"modified":"-0001-11-30T00:00:00","modified_gmt":"-0001-11-30T00:00:00","slug":"the-water-forum-closes-with-the-goal-of-bringing-this-matter-to-the-international-agenda","status":"publish","type":"post","link":"https:\/\/www.best-dentist-dentistry.com\/de\/the-water-forum-closes-with-the-goal-of-bringing-this-matter-to-the-international-agenda\/16511","title":{"rendered":"Das Wasser Forum schlie\u00dft mit dem Ziel, diese Angelegenheit zu bringen, auf der internationalen agenda"},"content":{"rendered":"<p class=\"first\"> Paris, 17 M\u00e4r (EFE).-das Weltwasserforum Schloss heute in Marseille seiner sechsten Auflage um \u00fcberzeugen Weltf\u00fchrer zur Thematisierung der Wasser als &#8220;ein globales Problem&#8221;, das &#8220;zum Wohle der Menschheit&#8221;, aufgel\u00f6st werden muss in den Worten ihres Pr\u00e4sidenten Lo\u00efc Fauchon.<\/p>\n<p>&#8220;Leben einen radikalen Wandel in der Wasser-Ausgabe&#8221;, weil &#8220;es selbst als erste Priorit\u00e4t der globalen Entwicklung verh\u00e4ngt hat&#8221; sagte Fauchon in den Palast der Kongresse und Tagungen von Marseille, im S\u00fcd-Osten Frankreichs.<\/p>\n<p>Dieses Treffen j\u00e4hrlich, die in Istanbul im Jahr 2009 statt und versammelte mehr als 10.000 Menschen auf dem Wasser zwischen 12 und 17 M\u00e4rz diskutieren folgen, auch zertifiziert, dass &#8220;die Rolle der Parlamente absolut entscheidend ist&#8221; Suche nach L\u00f6sungen im Bereich der nachhaltigen Bewirtschaftung der Wasserressourcen.<\/p>\n<p>In einer abschlie\u00dfenden Erkl\u00e4rung, der Pr\u00e4sident des Forums entschieden, dass die Weltkonferenz f\u00fcr nachhaltige Entwicklung Rio + 20, die von 20 bis 22. Juni 2012 in Rio De Janeiro (Brasilien) stattfinden wird, beschlossen hat, das Thema Wasser zum ersten Mal unter seinen neun Kernpunkte enthalten.<\/p>\n<p>Der Generalversammlung der Vereinten Nationen hat au\u00dferdem festgelegt, f\u00fcr den Monat Juli, einen Tag &#8220;ganz im Zeichen des Wassers&#8221;, Fauchon in einer Anweisung hinzugef\u00fcgt.<\/p>\n<p>Eine unverbindliche Ministererkl\u00e4rung verabschiedet von den Teilnehmern der Delegationen aus 130 L\u00e4ndern besucht das Forum darauf hingewiesen, dass es Zeit &rsquo;L\u00f6sungen&rsquo; zu finden ist zu einem entscheidenden Problem der Millenniumsziele 2015 Vereinten Nationen zu erreichen.<\/p>\n<p>Pr\u00fcfung Punkte umfassen Zugang zu Trinkwasser und sanit\u00e4ren Einrichtungen, denn es Auswirkungen auf das Wohlbefinden und die Gesundheit aller Einwohner des Planeten hat und als Grundlage f\u00fcr Fortschritt in der nachhaltigen Entwicklung und Schaffung von Arbeitspl\u00e4tzen dient.<\/p>\n<p>Parallel versuchte ein alternatives Forum, das \u00d6kologen und &#8220;Altermundistas&#8221; beteiligt, die offizielle Nachricht zu betonen, dass Wasser keine Ware, sondern ein gemeinsames gut aller B\u00fcrger ist zu entfernen.<\/p>\n<p>Las ONG vertreten in diesem anderen Forum darauf hingewiesen, dass Rahmen richtig, ist denn diese Art von Treffen dem Dach der Vereinten Nationen w\u00e4re und kein Termin verwaltet &#8220;multinationalen&#8221;.<\/p>\n<p>Franz\u00f6sische Premierminister Fran\u00e7ois Fillon, h\u00e4lt eine Rede w\u00e4hrend der World Water Forum in Marseille, Frankreich, am 12. M\u00e4rz. WireImage \/<\/p>\n","protected":false},"excerpt":{"rendered":"<p>Paris, 17 M\u00e4r (EFE).-das Weltwasserforum Schloss heute in Marseille seiner sechsten Auflage um \u00fcberzeugen Weltf\u00fchrer zur Thematisierung der Wasser als &#8220;ein globales Problem&#8221;, das &#8220;zum Wohle der Menschheit&#8221;, aufgel\u00f6st werden muss in den Worten ihres Pr\u00e4sidenten Lo\u00efc Fauchon. &#8220;Leben einen radikalen Wandel in der Wasser-Ausgabe&#8221;, weil &#8220;es selbst als erste Priorit\u00e4t der globalen Entwicklung verh\u00e4ngt [&hellip;]<\/p>\n","protected":false},"author":1,"featured_media":0,"comment_status":"close","ping_status":"open","sticky":false,"template":"","format":"standard","meta":{"footnotes":""},"categories":[3],"tags":[27904],"class_list":["post-16511","post","type-post","status-publish","format-standard","hentry","category-allgemeine","tag-bse","et-doesnt-have-format-content","et_post_format-et-post-format-standard"],"_links":{"self":[{"href":"https:\/\/www.best-dentist-dentistry.com\/de\/wp-json\/wp\/v2\/posts\/16511","targetHints":{"allow":["GET"]}}],"collection":[{"href":"https:\/\/www.best-dentist-dentistry.com\/de\/wp-json\/wp\/v2\/posts"}],"about":[{"href":"https:\/\/www.best-dentist-dentistry.com\/de\/wp-json\/wp\/v2\/types\/post"}],"author":[{"embeddable":true,"href":"https:\/\/www.best-dentist-dentistry.com\/de\/wp-json\/wp\/v2\/users\/1"}],"replies":[{"embeddable":true,"href":"https:\/\/www.best-dentist-dentistry.com\/de\/wp-json\/wp\/v2\/comments?post=16511"}],"version-history":[{"count":0,"href":"https:\/\/www.best-dentist-dentistry.com\/de\/wp-json\/wp\/v2\/posts\/16511\/revisions"}],"wp:attachment":[{"href":"https:\/\/www.best-dentist-dentistry.com\/de\/wp-json\/wp\/v2\/media?parent=16511"}],"wp:term":[{"taxonomy":"category","embeddable":true,"href":"https:\/\/www.best-dentist-dentistry.com\/de\/wp-json\/wp\/v2\/categories?post=16511"},{"taxonomy":"post_tag","embeddable":true,"href":"https:\/\/www.best-dentist-dentistry.com\/de\/wp-json\/wp\/v2\/tags?post=16511"}],"curies":[{"name":"wp","href":"https:\/\/api.w.org\/{rel}","templated":true}]}}