{"id":16534,"date":"2012-09-21T02:25:25","date_gmt":"2012-09-21T02:25:25","guid":{"rendered":null},"modified":"-0001-11-30T00:00:00","modified_gmt":"-0001-11-30T00:00:00","slug":"idis-moved-to-ana-mato-after-easter-his-proposal-to-tax-relief-for-private-insurance","status":"publish","type":"post","link":"https:\/\/www.best-dentist-dentistry.com\/de\/idis-moved-to-ana-mato-after-easter-his-proposal-to-tax-relief-for-private-insurance\/16534","title":{"rendered":"IDIS zog nach Ana Mato &#8220;nach Ostern&#8221; seinen Vorschlag, die Steuer Befreiung f\u00fcr private Versicherungen"},"content":{"rendered":"<p class=\"first\"> <span class=\"yshortcuts\" id=\"lw_1332942274_0\"> MADRID<\/span>, 28 (<span class=\"yshortcuts\" id=\"lw_1332942274_1\"> EUROPA PRESS<\/span>)<\/p>\n<p>Des <span class=\"yshortcuts\" id=\"lw_1332942274_2\"> Ministers<\/span> f\u00fcr <span class=\"yshortcuts\" id=\"lw_1332942274_3\"> Gesundheit<\/span>, <span class=\"yshortcuts\" id=\"lw_1332942274_4\"> soziale Dienste<\/span> und <span class=\"yshortcuts\" id=\"lw_1332942274_5\"> Gleichheit<\/span>, <span class=\"yshortcuts\" id=\"lw_1332942274_6\"> Ana Mato<\/span>, treffen sich &#8220;nach der Heiligen <span class=\"yshortcuts\"id=\"lw_1332942274_7\"> Woche<\/span>&#8221; mit den F\u00fchrern des <span class=\"yshortcuts\" id=\"lw_1332942274_8\"> Institut<\/span> f\u00fcr die Entwicklung und Integration von Gesundheit (IDIS), die die Gelegenheit nutzen, um sein Vorschlag, eine Steuer auf private Versicherung in Spanien anwenden zu erh\u00f6hen.<\/p>\n<p>Dies war angek\u00fcndigt am heutigen Mittwoch den Generalsekret\u00e4r von IDIS, Juan Abarca, w\u00e4hrend der Pr\u00e4sentation des Berichts &#39; Gesundheit privat nutzen. Analyse der Situation 2012 &#39;, welche updates die Daten auf private Gesundheitsversorgung in Spanien, das zweite europ\u00e4ische Land, wo mehr f\u00fcr private Gesundheit ausgegeben.<\/p>\n<p>Nach covers, &#8220;privaten Gesundheitssektor tr\u00e4gt zum herunterladen und speichern das \u00f6ffentliche System&#8221; da &#8220;decongests der \u00f6ffentlichen Gesundheit durch Aktivit\u00e4t, die in privaten Krankenh\u00e4usern, die im Jahr 2009 aufgenommen wurden durchgef\u00fchrt um 1 % in den hohen, eine Zunahme der chirurgischen Eingriffen von 2,5 % und die Dringlichkeiten 5,2 % mehr als 2008&#8221;, sagte.<\/p>\n<p>&#8220;<\/p>\n<p>Bedeutet auch, je nach erkl\u00e4ren, Mato,&#8221; Einsparungen &#8220;f\u00fcr die \u00f6ffentliche Gesundheit Spanisch kann da, das Modell der privaten Krankenversicherung-Spanien (Duplicate Versicherung), 7 Millionen Versicherten mit private Politik weniger oder nicht verwendet \u00f6ffentliche Gesundheit, was eine versteckte die Gew\u00e4hrung \u00f6ffentlicher System gelten&#8221;, erkl\u00e4rt.<\/p>\n<p>, Sagte der Generalsekret\u00e4r von der IDIS generiert jeder Benutzer eine private Krankenversicherung eine j\u00e4hrliche Einsparung an das \u00f6ffentliche System knapp 1.500 Euro. Dieser Beitrag von dem Benutzer, die m\u00f6glicherweise als eine Art &#8220;freiwillige Praxisgeb\u00fchr&#8221;, weist darauf hin, w\u00fcrde verst\u00e4rkt werden, wenn die Regierung der Steuerabzug auf die Gesundheitskosten private Zuverl\u00e4ssigkeitserkl\u00e4rung implementieren w\u00fcrde.<\/p>\n<p>F\u00fcr Abarca, &#8220;Wenn diese Ma\u00dfnahme umgesetzt werden soll, die Anzahl der versicherten Personen erh\u00f6hen k\u00f6nnte ist um 15 Prozent, in welche Midiet im Anschluss an das \u00f6ffentliche System Ausgaben und Nutzung von Ressourcen ohne Verringerung der Patientenrechte&#8221;.<\/p>\n<p>Dennoch IDIS-Hoffnungen, die die Anzahl der Menschen, die private Krankenversicherung mieten weiter steigen, da es bereits um 0,6 Prozent zwischen dem dritten Quartal 2010 und der dritte im Jahr 2011, gehen von 8,78 Millionen Versicherten getan hat.<\/p>\n<p>Einer der Gr\u00fcnde, so erwarten, diese erh\u00f6hen Verlobung ist &#8220;f\u00fcrchten die Schnitte&#8221; im \u00f6ffentlichen Gesundheitswesen, so der Vorsitzende von der IDIS, I\u00f1aki Ere\u00f1o, glaubt, dass gegen die m\u00f6gliche Beschr\u00e4nkung der Nutzen f\u00fcr die \u00f6ffentliche Gesundheit der B\u00fcrger &#8220;die R\u00fcckseiten-Abdeckung&#8221; will erwartet.<\/p>\n<p>Setzt unterdessen IDIS, dass die Kampagne, die im Dezember zu fordern, die Unterst\u00fctzung von Einzelpersonen, Institutionen und Firmen f\u00fcr seinen Vorschlag f\u00fcr einen Steuerabzug eingef\u00fchrt an private Inhaber gilt. Bisher erreicht haben einige 50.000 Unterschriften &#8211; 31.700 individuellen und kollektiven 20.000 &#8211; Web &#39; http:\/\/www.desgravacionfiscalsanitaria.org &#39;. <\/p>\n","protected":false},"excerpt":{"rendered":"<p>MADRID, 28 ( EUROPA PRESS) Des Ministers f\u00fcr Gesundheit, soziale Dienste und Gleichheit, Ana Mato, treffen sich &#8220;nach der Heiligen Woche&#8221; mit den F\u00fchrern des Institut f\u00fcr die Entwicklung und Integration von Gesundheit (IDIS), die die Gelegenheit nutzen, um sein Vorschlag, eine Steuer auf private Versicherung in Spanien anwenden zu erh\u00f6hen. Dies war angek\u00fcndigt am [&hellip;]<\/p>\n","protected":false},"author":1,"featured_media":0,"comment_status":"close","ping_status":"open","sticky":false,"template":"","format":"standard","meta":{"footnotes":""},"categories":[3],"tags":[27914],"class_list":["post-16534","post","type-post","status-publish","format-standard","hentry","category-allgemeine","tag-dasselbe","et-doesnt-have-format-content","et_post_format-et-post-format-standard"],"_links":{"self":[{"href":"https:\/\/www.best-dentist-dentistry.com\/de\/wp-json\/wp\/v2\/posts\/16534","targetHints":{"allow":["GET"]}}],"collection":[{"href":"https:\/\/www.best-dentist-dentistry.com\/de\/wp-json\/wp\/v2\/posts"}],"about":[{"href":"https:\/\/www.best-dentist-dentistry.com\/de\/wp-json\/wp\/v2\/types\/post"}],"author":[{"embeddable":true,"href":"https:\/\/www.best-dentist-dentistry.com\/de\/wp-json\/wp\/v2\/users\/1"}],"replies":[{"embeddable":true,"href":"https:\/\/www.best-dentist-dentistry.com\/de\/wp-json\/wp\/v2\/comments?post=16534"}],"version-history":[{"count":0,"href":"https:\/\/www.best-dentist-dentistry.com\/de\/wp-json\/wp\/v2\/posts\/16534\/revisions"}],"wp:attachment":[{"href":"https:\/\/www.best-dentist-dentistry.com\/de\/wp-json\/wp\/v2\/media?parent=16534"}],"wp:term":[{"taxonomy":"category","embeddable":true,"href":"https:\/\/www.best-dentist-dentistry.com\/de\/wp-json\/wp\/v2\/categories?post=16534"},{"taxonomy":"post_tag","embeddable":true,"href":"https:\/\/www.best-dentist-dentistry.com\/de\/wp-json\/wp\/v2\/tags?post=16534"}],"curies":[{"name":"wp","href":"https:\/\/api.w.org\/{rel}","templated":true}]}}