{"id":16539,"date":"2012-09-21T02:25:48","date_gmt":"2012-09-21T02:25:48","guid":{"rendered":null},"modified":"-0001-11-30T00:00:00","modified_gmt":"-0001-11-30T00:00:00","slug":"pope-closes-visit-cuba-with-havana-mass-and-meeting-with-fidel","status":"publish","type":"post","link":"https:\/\/www.best-dentist-dentistry.com\/de\/pope-closes-visit-cuba-with-havana-mass-and-meeting-with-fidel\/16539","title":{"rendered":"Papst schlie\u00dft besuchen Sie Kuba mit Havanna Massen  und Begegnung mit Fidel"},"content":{"rendered":"<p class=\"first\"> Havanna (Reuters) &#8211; Papst Benedict XVI schlie\u00dft am Mittwoch seinen Besuch in Kuba mit einer massiven Masse in den mythischen Platz der Revolution in Havanna und ein Treffen mit Fidel Castro, nachdem er drei Tage auf der Insel mit einer Meldung der Erneuerung und Offenheit f\u00fcr ein Land, das f\u00fcnf Jahrzehnte der sozialistischen Regierung verbracht hat.<\/p>\n<p>Der historischen F\u00fchrer der kubanischen Revolution in der Nacht von Dienstag zu &#8220;gerne&#8221; Envoy of Rome zu st\u00fcrzen, wie es mit seinem Vorg\u00e4nger, dem sp\u00e4ten Juan Pablo II, in einer Begegnung vor 14 Jahren, die das Ende der Feindseligkeiten zwischen der katholischen Kirche und den kommunistischen Beh\u00f6rden angek\u00fcndigt.<\/p>\n<p>&#8220;Kam zu der \u00dcberzeugung, die Marxisten und aufrichtige Christen (&#8230;) sollte und f\u00fcr Gerechtigkeit und Frieden unter den Menschen k\u00e4mpfen konnte,&#8221; sagte Castro, 85 Jahre, in einem ihrer routinem\u00e4\u00dfigen Reflexionen geschrieben betitelt &#8220;Die schwierigen Zeiten der Menschheit&#8221;.<\/p>\n<p>&#8220;Ich Proclam\u00e9 so und so w\u00fcrde behaupten,&#8221; hinzugef\u00fcgt, den ehemaligen Pr\u00e4sident der Atheist Nation erkl\u00e4rt.<\/p>\n<p>The Pontifex, 84 Jahre alt, traf sich am Vorabend mit Pr\u00e4sident Ra\u00fal Castro sucht um den Einfluss der katholischen Kirche in dem karibischen Land zu festigen, wo die Regierung eine Reihe von Reformen, die darauf abzielen f\u00f6rdert, die Wirtschaft zu modernisieren, ohne Verzicht auf die sozialistische Ideologie.<\/p>\n<p>Ist in der Lage zu erfahren, dass der Heilige Vater eine &#8220;humanit\u00e4re Anforderung&#8221; Castro, was viele als eine Anfrage hat an politischen Gefangenen freizulassen interpretiert oder in die USA gilt die Auftragnehmer Alan Gross, verurteilt zu 15 Jahren Verbindungen zum Internet installieren illegal auf der Insel als.<\/p>\n<p>Auch gebeten, das Urlaub-gute Freitag wiederherstellen, in einer Geste, \u00e4hnlich wie das seines Bruders Fidel mit dem polnischen Papst war, wenn es Weihnachten vor seinem historischen wiedereingesetzt 1998 besuchen.<\/p>\n<p>Nach das Begegnung, staatlichen Fernsehen l\u00e4chelnd zeigte sch\u00fctteln, ineinander H\u00e4nde vor dem Austausch von Geschenken. Castro gab des Papstes das Schnitzwerk der Jungfrau De La Caridad Holz und dies war mit einem religi\u00f6sen Buch, verziert mit bunten Illustrationen.<\/p>\n<p>, Jedoch ist nicht bestimmt zu Benedicto XVI geben den Dissidenten-Gruppen h\u00f6ren beschuldigt von der Regierung als S\u00f6ldner im Sold der USA, obwohl Gegner es anprangern wird das Land verlassen, mit eine voreingenommene Blick.<\/p>\n<p>Sozialismus, unbestreitbare<\/p>\n<p>Der Bischof von Rom mit dem kubanischen Vertretertreffen gekr\u00f6nt einen langen Weg in die Verbesserung der Beziehungen der Regierung mit der Kirche, die der Hauptpartner der Beh\u00f6rden bei sensiblen Themen wie Dissidenten und politischen Gefangenen geworden ist.<\/p>\n<p>Raul und Benedicto XVI, als weniger charismatischen aber pragmatischer F\u00fchrer auf der Suche nach seiner Vorg\u00e4nger st\u00e4rken ein Schl\u00fcssels Alliance in Zeiten der Ver\u00e4nderungen auf die Insel, wo die Reformen Begeisterung und Angst erzeugt haben in einem Land zu den allgegenw\u00e4rtigen Staat gew\u00f6hnt.<\/p>\n<p>Obwohl das Vorhandensein des Pontifex Erwartungen gr\u00f6\u00dferer politischer Offenheit auf sensible Menschenrechte und b\u00fcrgerliche Freiheiten Probleme generiert, die Exekutive es w\u00e4hrend der Papstbesuch, die wirtschaftliche Ver\u00e4nderungen nicht in den Bereich des politischen Systems Single-Party verschieben werden deutlich gemacht.<\/p>\n<p>&#8220;In Kuba nicht politische Reformen sein.&#8221; Marino Murillo, Vice President f\u00fcr den Ministerrat und Supervisor &#8220;In Kuba \u00fcber die Aktualisierung des kubanischen Wirtschaftsmodells, das macht unsere nachhaltige Sozialismus reden&#8221;, sagte am Dienstag die offiziellen wirtschaftlichen Ver\u00e4nderungen.<\/p>\n<p>Transformationen haben erlaubt, die Kubaner zum ersten Mal seit dem Triumph der Revolution 1959 kaufen und frei zu verkaufen, H\u00e4user und Autos, Kauf von Land f\u00fcr den Anbau und Unternehmertum in Bereichen, die zuvor an den Staat, wie der Tourismus und Gastronomie vorbehalten zu verl\u00e4ngern.<\/p>\n<p>Papst erweicht seine Rede nach seiner Ankunft in Kuba Montag, mit Referenzen mehr oder weniger verschleierten politischen Gefangenen, die Notwendigkeit politischen Wandel zu vertiefen und erneuern Gesellschaft, aber Weg von Ihrem vorderen Kommentare \u00fcber das Scheitern des Kommunismus vor seiner Ankunft.<\/p>\n<p>, Der Heilige Vater hielt seine Auffassung, dass das Land neue Modelle braucht voranzubringen und die Kirche eine &#8220;entscheidende&#8221; Rolle in der Zukunft der Insel haben.<\/p>\n<p>(Herausgegeben von Carlos Aliaga und Silene Ramirez)<\/p>\n","protected":false},"excerpt":{"rendered":"<p>Havanna (Reuters) &#8211; Papst Benedict XVI schlie\u00dft am Mittwoch seinen Besuch in Kuba mit einer massiven Masse in den mythischen Platz der Revolution in Havanna und ein Treffen mit Fidel Castro, nachdem er drei Tage auf der Insel mit einer Meldung der Erneuerung und Offenheit f\u00fcr ein Land, das f\u00fcnf Jahrzehnte der sozialistischen Regierung verbracht [&hellip;]<\/p>\n","protected":false},"author":1,"featured_media":0,"comment_status":"close","ping_status":"open","sticky":false,"template":"","format":"standard","meta":{"footnotes":""},"categories":[3],"tags":[27918,27919,27920],"class_list":["post-16539","post","type-post","status-publish","format-standard","hentry","category-allgemeine","tag-dialysepatienten","tag-havanna","tag-massen-","et-doesnt-have-format-content","et_post_format-et-post-format-standard"],"_links":{"self":[{"href":"https:\/\/www.best-dentist-dentistry.com\/de\/wp-json\/wp\/v2\/posts\/16539","targetHints":{"allow":["GET"]}}],"collection":[{"href":"https:\/\/www.best-dentist-dentistry.com\/de\/wp-json\/wp\/v2\/posts"}],"about":[{"href":"https:\/\/www.best-dentist-dentistry.com\/de\/wp-json\/wp\/v2\/types\/post"}],"author":[{"embeddable":true,"href":"https:\/\/www.best-dentist-dentistry.com\/de\/wp-json\/wp\/v2\/users\/1"}],"replies":[{"embeddable":true,"href":"https:\/\/www.best-dentist-dentistry.com\/de\/wp-json\/wp\/v2\/comments?post=16539"}],"version-history":[{"count":0,"href":"https:\/\/www.best-dentist-dentistry.com\/de\/wp-json\/wp\/v2\/posts\/16539\/revisions"}],"wp:attachment":[{"href":"https:\/\/www.best-dentist-dentistry.com\/de\/wp-json\/wp\/v2\/media?parent=16539"}],"wp:term":[{"taxonomy":"category","embeddable":true,"href":"https:\/\/www.best-dentist-dentistry.com\/de\/wp-json\/wp\/v2\/categories?post=16539"},{"taxonomy":"post_tag","embeddable":true,"href":"https:\/\/www.best-dentist-dentistry.com\/de\/wp-json\/wp\/v2\/tags?post=16539"}],"curies":[{"name":"wp","href":"https:\/\/api.w.org\/{rel}","templated":true}]}}