{"id":1657,"date":"2013-12-06T11:08:32","date_gmt":"2013-12-06T11:08:32","guid":{"rendered":null},"modified":"2013-12-06T11:08:32","modified_gmt":"2013-12-06T11:08:32","slug":"the-semi-publishes-map-of-core-competencies-of-internal-medicine-in-spain","status":"publish","type":"post","link":"https:\/\/www.best-dentist-dentistry.com\/de\/the-semi-publishes-map-of-core-competencies-of-internal-medicine-in-spain\/1657","title":{"rendered":"Die SEMI ver\u00f6ffentlicht Karte Kernkompetenzen f\u00fcr Innere Medizin in Spanien."},"content":{"rendered":"<p><strong>La SEMI ver\u00f6ffentlicht Karte Kernkompetenzen f\u00fcr Innere Medizin in Spanien <\/p>\n<p><\/strong><font size=\"2\"> <strong>im Rahmen der elfte Tagung des Dienstleiter statt in Pamplona auf 23 und 24 September.<\/strong><\/p>\n<p>-das Dokument erl\u00e4utert die Befugnisse, die alle europ\u00e4ischen Internist erreichen muss, unabh\u00e4ngig von Ort und Healthcare Organisation, die funktioniert <\/p>\n<p>-Publikation wird dazu beitragen, die Programme der Ausbildung, Bewertung und pers\u00f6nliche Entwicklung Spezialisten entwickeln, <\/p>\n<p>-La SEMI hat eine spezielle Arbeitsgruppe komplexe chronischen Patienten hat er getan, Forschung und Ma\u00dfnahmen zur Abschw\u00e4chung der Auswirkungen der WirtschaftskriseH\u00e4rte und die Pandemie von chronischen Krankheiten nicht die erforderliche Verz\u00f6gerung wichtig, Reorganisation und das Gesundheitswesen nachhaltig ist <\/p>\n<p> <strong>Pamplona, September 2011 &#8211;<\/strong> die Europ\u00e4ische F\u00f6deration f\u00fcr Innere Medizin (European Federation of Internal Medicine [EFIM]) und Abschnitt f\u00fcr Innere Medizin der Europ\u00e4ischen Union der Fach\u00e4rzte (UEMS) haben in j\u00fcngster Zeit versucht definieren die Kernkompetenzen, die alle Internist Europ\u00e4ischen kaufen sollten, unabh\u00e4ngig von den Betrieb jeder nationalen Gesundheitssystems. <\/p>\n<p>Ist jedoch eine kostspielige Aufgabe, da die Funktion der Internist heterogen in europ\u00e4ischen L\u00e4ndern ist und Innere Medizin eine Spezialit\u00e4t sehr umfassende Inhalte, die umfangreichste aller, ist da es alle Beschwerden und medizinische Krankheiten ist. Daher erforderlichen die Bedeutung der Karte von Kernkompetenzen, die die spanische Gesellschaft f\u00fcr Innere Medizin (SEMI) pr\u00e4sentiert und konzentriert, die sich in einem einzigen Dokument Kompetenzen auf, um alle Internist in Spanien und, die helfen werden, Programme zur Ausbildung, Bewertung und pers\u00f6nlichen Weiterentwicklung zu entwickeln. Der Koordinator der Arbeit ist Dr. Jos\u00e9 Manuel Porcel Dienst Medizin interne von der Hospital Universitario Arnau von Vilanova von Lleida. <\/p>\n<p>Am Ende dieser Publikation, wie von der DRA. Pilar Rom\u00e1n, erster Vizepr\u00e4sident des SEMI,  ist die Definition von wissen, F\u00e4higkeiten, F\u00e4higkeiten, die alle Innere Medizin-Spezialist besitzen, unabh\u00e4ngig vom Ort, wo arbeiten muss und Alter und Art der Ausbildung, die z\u00e4hlen, Bek\u00e4mpfung von die Bed\u00fcrfnissen der Patienten und die Gesellschaft im 21. Jahrhundert hervorragend &#8221;. <\/p>\n<p><strong>Der Innere Medizin-Krise<\/strong> <\/p>\n<p>Die aktuelle Wirtschaftskrise wirkt sich auf alle Sektoren der Gesellschaft und ganz besonders das Gesundheitssystem, aufgrund der Zunahme der Zahl von Patienten mit chronischen Erkrankungen.  Die Weiterentwicklung der Medizin und die besten Lebensbedingungen f\u00fchrten viele Menschen erreichen \u00e4ltere Menschen mit Erkrankungen oder chronischen Krankheiten, die f\u00fcr mehr als 60 % der Ausgaben f\u00fcr Gesundheit, Situation, die in den kommenden Jahren, so wachsen weiterhin nicht funktionieren kann-Konto das \u00dcberleben des Systems in kurzer Zeit &#8221;, entsprechend der Vice President of Halbfinale. <\/p>\n<p>  Westlichen Gesundheitssysteme sind sehr gut vorbereitet f\u00fcr akuten Krankheiten, aber nicht, angemessene Betreuung Patienten mit mehreren chronischen Krankheiten, die derzeit aufgrund der vorhandenen Vielzahl von Spezialisten, mit den daraus resultierenden Mangel an Koordinierung Diagnosetests und Behandlungen und die Existenz von unn\u00f6tigen Aufwand reaktive gehandhabt werden &#8221;sagt der Experte. Warum eine neue Organisationsmodell, in denen Teams von medizinischen Internisten, \u00c4rzte und Krankenschwestern grundlegende werden, nicht zu vergessen die erforderliche Unterst\u00fctzung von anderen Spezialit\u00e4ten oder Disziplinen wie Sozialarbeit, Apotheker oder Gesundheit usw. h\u00e4lt dringend  jeder muss bereit sein, f\u00fcr die neuen Kompetenzen, die notwendig sind, um einen proaktiven Ansatz f\u00fcr Krankheiten und die Dekompensation verhindern, w\u00e4hrend wir helfen Patienten kenntnisreich, verantwortlich f\u00fcr seinen Gesundheit und seine Pflege-Auto &#8221;, schlie\u00dft der DRA. Rom\u00e1n <\/p>\n<p> so die SEMI hat eine Arbeitsgruppe zu komplexen chronischen Patienten, die f\u00fcr die Behandlung relevante Forschung gemacht hat und er tr\u00e4gt mehrere Ma\u00dfnahmen zur Abmilderung der Auswirkungen der Wirtschaftskrise und chronische Krankheiten, so dass das Gesundheitswesen nachhaltig ist und aktiv zur Organisationseinheit \u00e4ndern. <\/p>\n<p>In der gleichen Vene versammelten sich zahlreiche Service der alle Spanien-Chefs in Pamplona am 23. und 24. September auf dem elften Treffen der Leiter von Diensten zu beiden Fragen, die das Engagement der F\u00fchrer der Innere Medizin Dienste Spanisch.  Sind sich bewusst, dass unsere Spezialit\u00e4t am besten geeignet ist f\u00fcr effizient die gro\u00dfe Anzahl der Patienten mit mehreren komplexen Erkrankungen &#8221;, sagte der Experte. <\/p>\n<p><strong>Eine ungleiche Europ\u00e4ische Systeme Specialty<\/strong> <\/p>\n<p>Das Ziel des Plans der F\u00e4higkeiten ist nicht auf die lange Liste der Krankheiten aufgelistet werden, m\u00fcssen Sie wissen, der Internist in den verschiedenen Bereichen in welche \u00dcbungen (Distriktkrankenh\u00e4usern, dritte Ebene oder Verweis, Krankenhausaufenthalt zu Hause Notfall etc.), aber  die Zahl der Atomm\u00e4chte aufgrund der Grad des Wissens oder der Ausbildung f\u00fcr jedes m\u00f6glicherweise je nach Gebiet unterschiedliche wo Entwicklungsarbeit Unterst\u00fctzung &#8221;, wie von der DRA. Rom\u00e1n. <\/p>\n<p>Aus diesem Grund ist die Ver\u00f6ffentlichung in 6 Teile aufgeteilt: Klinische Pflege von Patienten, Klinisches wissen, technische F\u00e4higkeiten und Auslegung, Kommunikation, beruflichen Verantwortung und Akademische Aktivit\u00e4ten &#8211; Lehre und Forschung-F\u00e4higkeiten. <\/p>\n<p>Unbeschadet der Tiefe Spezialisierung, die viele Internisten in dritten erworben haben auf Krankenh\u00e4user in Pathologien der Diagnose oder Behandlung bestimmter (systemischen Autoimmunkrankheiten, seltene Krankheiten, Infektionen wie HIV usw.), die das Papier nimmt sind  eine Reihe von Wissen und F\u00e4higkeiten, die das Wesen von Specialty, den Mehrwert in Bezug auf andere Spezialit\u00e4ten m\u00fcssen Patienten bieten &#8221;, entsprechend der Experte der Halbfinale. <\/p>\n<p>Die Unterschiede in der inneren Medizin Dienstleistungen sind notorisch;  in einigen L\u00e4ndern, z. B. die Internisten haben eine wichtige Rolle in der Lash-Ebene &#8221;, zog der DRA. Rom\u00e1n. Dar\u00fcber hinaus seine Relevanz ist unterschiedlich in verschiedenen europ\u00e4ischen Gesundheitssysteme, wird weit mehr Einfluss als Spezialit\u00e4t unabh\u00e4ngige L\u00e4nder des S\u00fcdens, zwischen denen, die Spanien nimmt einen privilegierten Platz (Halbfinale spielt eine wichtige Rolle in der Europ\u00e4ischen F\u00f6deration f\u00fcr Innere Medizin und damit auch ihre Position deutlich beeinflussen Ma\u00dfnahmen auf europ\u00e4ischer Ebene).  In den USA sammeln auch Initiativen mit dem Ziel, gleiche &#8221;, schlie\u00dft der DRA. Rom\u00e1n. <\/p>\n<p><\/font><\/p>\n","protected":false},"excerpt":{"rendered":"<p>La SEMI ver\u00f6ffentlicht Karte Kernkompetenzen f\u00fcr Innere Medizin in Spanien im Rahmen der elfte Tagung des Dienstleiter statt in Pamplona auf 23 und 24 September. -das Dokument erl\u00e4utert die Befugnisse, die alle europ\u00e4ischen Internist erreichen muss, unabh\u00e4ngig von Ort und Healthcare Organisation, die funktioniert -Publikation wird dazu beitragen, die Programme der Ausbildung, Bewertung und pers\u00f6nliche [&hellip;]<\/p>\n","protected":false},"author":1,"featured_media":0,"comment_status":"close","ping_status":"open","sticky":false,"template":"","format":"standard","meta":{"footnotes":""},"categories":[3],"tags":[6400,6402,6403,6401],"class_list":["post-1657","post","type-post","status-publish","format-standard","hentry","category-allgemeine","tag-jugendliche","tag-karte","tag-kernkompetenzen","tag-semi","et-doesnt-have-format-content","et_post_format-et-post-format-standard"],"_links":{"self":[{"href":"https:\/\/www.best-dentist-dentistry.com\/de\/wp-json\/wp\/v2\/posts\/1657","targetHints":{"allow":["GET"]}}],"collection":[{"href":"https:\/\/www.best-dentist-dentistry.com\/de\/wp-json\/wp\/v2\/posts"}],"about":[{"href":"https:\/\/www.best-dentist-dentistry.com\/de\/wp-json\/wp\/v2\/types\/post"}],"author":[{"embeddable":true,"href":"https:\/\/www.best-dentist-dentistry.com\/de\/wp-json\/wp\/v2\/users\/1"}],"replies":[{"embeddable":true,"href":"https:\/\/www.best-dentist-dentistry.com\/de\/wp-json\/wp\/v2\/comments?post=1657"}],"version-history":[{"count":0,"href":"https:\/\/www.best-dentist-dentistry.com\/de\/wp-json\/wp\/v2\/posts\/1657\/revisions"}],"wp:attachment":[{"href":"https:\/\/www.best-dentist-dentistry.com\/de\/wp-json\/wp\/v2\/media?parent=1657"}],"wp:term":[{"taxonomy":"category","embeddable":true,"href":"https:\/\/www.best-dentist-dentistry.com\/de\/wp-json\/wp\/v2\/categories?post=1657"},{"taxonomy":"post_tag","embeddable":true,"href":"https:\/\/www.best-dentist-dentistry.com\/de\/wp-json\/wp\/v2\/tags?post=1657"}],"curies":[{"name":"wp","href":"https:\/\/api.w.org\/{rel}","templated":true}]}}