{"id":16656,"date":"2012-09-21T02:59:21","date_gmt":"2012-09-21T02:59:21","guid":{"rendered":null},"modified":"-0001-11-30T00:00:00","modified_gmt":"-0001-11-30T00:00:00","slug":"forest-fires-in-the-canary-islands-and-the-west-of-spain-a-dead","status":"publish","type":"post","link":"https:\/\/www.best-dentist-dentistry.com\/de\/forest-fires-in-the-canary-islands-and-the-west-of-spain-a-dead\/16656","title":{"rendered":"Waldbr\u00e4nde in den Kanarischen Inseln und den Westen von Spanien, einen Toten"},"content":{"rendered":"<p class=\"first\"> drei Waldbr\u00e4nde pl\u00e4dierte Samstag im spanischen Archipel der Kanarischen Inseln, zus\u00e4tzlich zu einem Brand auf der Halbinsel, nahe der Grenze zu Portugal, in der ein Soldat starb und drei weitere wurden verletzt, sagte Beh\u00f6rden.<\/p>\n<p>\u00dcber 845 ha in der Gemeinde Mazo, auf der Kanarischen Insel La Palma, von den Flames betroffen waren, sagte Journalisten der Generaldirektor der Regionalregierung, Juan Manuel Santana Notf\u00e4lle.<\/p>\n<p>Sechs Hubschrauber und 200 Feuerwehrleute bek\u00e4mpften das Feuer, die sie gezwungen, 70 Personen evakuieren, und hofft, dass ein R\u00fcckgang der Temperaturen f\u00fcr Sonntag zul\u00e4ssig um zu kontrollieren, hinzugef\u00fcgt.<\/p>\n<p>Anderen zwei Br\u00e4nde kleineren Ausma\u00dfes wurden auch auf der Insel La Gomera, in einem Sommer wenn Waldbr\u00e4nde besonders in Spanien gewaltt\u00e4tig sind, wo das Terrain trocken nach dem Winter mit weniger Niederschlag ist erkl\u00e4rt, dass das Land in sieben Jahrzehnte.<\/p>\n<p>Mitglied des Referats Notfall Armee starben und drei weitere wurden verletzt am Samstag zu seinem LKW einen Hang entlang fallen w\u00e4hrend der Teilnahme an den Aufgaben der L\u00f6schen eines Brandes am Vortag in der Region Extremadura (West), nahe der Grenze zu Portugal.<\/p>\n<p>Some 450 Truppen zwischen Milit\u00e4r und Feuerwehr, k\u00e4mpften die Flammen mit der Unterst\u00fctzung von 20 Luft Verm\u00f6genswerte bis das Feuer in den sp\u00e4ten Nachmittag, stabilisiert wurde berichtet, die Regierung von Extremadura.<\/p>\n<p>&#8220;Nighttime Luft Verm\u00f6genswerte entfernt werden und sie werden weiterhin in dem Bereich arbeiten&#8221; Mittel &#8220;Abk\u00fchlen&#8221; Hot-Spots so still und \u00fcberwachten vermeiden m\u00f6gliche Reproduktionen, sagte in einer Erkl\u00e4rung.<\/p>\n<p>Ein Sprecher der Regionalregierung von AFP, kontaktiert nicht konnten angeben, wie viele Hektar Vegetation von den Flammen betroffen waren, deren Virulenz Eva 300 Insassen des camping evakuieren.<\/p>\n<p>Am 22. Juli ein sehr heftig Feuer wurde in Katalonien (Nordosten), an der Grenze zu Frankreich erkl\u00e4rt und verw\u00fcstete fast 14.000 Hektar. Starben vier Menschen, drei von Ihnen Franz\u00f6sisch,.<\/p>\n<p>Die verheerendsten Waldbr\u00e4nde aufgezeichneten bisher in Spanien zerst\u00f6rt Anfang Juli etwa 50.000 Hektar in der Region Valencia (\u00f6stlichen).<\/p>\n<p>Feuerwehrmann versucht, einen Waldbrand in der Girona Stadt von CLE, in der N\u00e4he von La Junquera, an der Grenze zu Frankreich, 23. Juli auszul\u00f6schen.<\/p>\n","protected":false},"excerpt":{"rendered":"<p>drei Waldbr\u00e4nde pl\u00e4dierte Samstag im spanischen Archipel der Kanarischen Inseln, zus\u00e4tzlich zu einem Brand auf der Halbinsel, nahe der Grenze zu Portugal, in der ein Soldat starb und drei weitere wurden verletzt, sagte Beh\u00f6rden. \u00dcber 845 ha in der Gemeinde Mazo, auf der Kanarischen Insel La Palma, von den Flames betroffen waren, sagte Journalisten der [&hellip;]<\/p>\n","protected":false},"author":1,"featured_media":0,"comment_status":"close","ping_status":"open","sticky":false,"template":"","format":"standard","meta":{"footnotes":""},"categories":[3],"tags":[28002],"class_list":["post-16656","post","type-post","status-publish","format-standard","hentry","category-allgemeine","tag-boykott","et-doesnt-have-format-content","et_post_format-et-post-format-standard"],"_links":{"self":[{"href":"https:\/\/www.best-dentist-dentistry.com\/de\/wp-json\/wp\/v2\/posts\/16656","targetHints":{"allow":["GET"]}}],"collection":[{"href":"https:\/\/www.best-dentist-dentistry.com\/de\/wp-json\/wp\/v2\/posts"}],"about":[{"href":"https:\/\/www.best-dentist-dentistry.com\/de\/wp-json\/wp\/v2\/types\/post"}],"author":[{"embeddable":true,"href":"https:\/\/www.best-dentist-dentistry.com\/de\/wp-json\/wp\/v2\/users\/1"}],"replies":[{"embeddable":true,"href":"https:\/\/www.best-dentist-dentistry.com\/de\/wp-json\/wp\/v2\/comments?post=16656"}],"version-history":[{"count":0,"href":"https:\/\/www.best-dentist-dentistry.com\/de\/wp-json\/wp\/v2\/posts\/16656\/revisions"}],"wp:attachment":[{"href":"https:\/\/www.best-dentist-dentistry.com\/de\/wp-json\/wp\/v2\/media?parent=16656"}],"wp:term":[{"taxonomy":"category","embeddable":true,"href":"https:\/\/www.best-dentist-dentistry.com\/de\/wp-json\/wp\/v2\/categories?post=16656"},{"taxonomy":"post_tag","embeddable":true,"href":"https:\/\/www.best-dentist-dentistry.com\/de\/wp-json\/wp\/v2\/tags?post=16656"}],"curies":[{"name":"wp","href":"https:\/\/api.w.org\/{rel}","templated":true}]}}