{"id":16659,"date":"2012-09-21T03:00:34","date_gmt":"2012-09-21T03:00:34","guid":{"rendered":null},"modified":"-0001-11-30T00:00:00","modified_gmt":"-0001-11-30T00:00:00","slug":"mayor-of-bogota-recovers-aware-of-surgery-for-a-cerebral-hematoma","status":"publish","type":"post","link":"https:\/\/www.best-dentist-dentistry.com\/de\/mayor-of-bogota-recovers-aware-of-surgery-for-a-cerebral-hematoma\/16659","title":{"rendered":"B\u00fcrgermeister von Bogot\u00e1 erholt sich bewusst der Chirurgie f\u00fcr eine zerebrale H\u00e4matom"},"content":{"rendered":"<p class=\"first\"> Bogota, 10 Aug (EFE).-der B\u00fcrgermeister von Bogot\u00e1, Gustavo Petro, ist sich bewusst und erfolgreich aus abgerufen Operation, die am Vortag durch eine Prellung des Gehirns, ausgesetzt war laut ihr Privatsekret\u00e4r, Jorge Rojas.<\/p>\n<p>&#8220;Der B\u00fcrgermeister ist absolut bewusst, hat nur die Olympischen Medaillen erobert heute gefeiert und rufen Sie die neue Weisungen der Regierung-Team&#8221; Rojas Reportern versammelten sich vor den Toren der Klinik von der Fundaci\u00f3n Santa Fe de Bogot\u00e1.<\/p>\n<p>Petro, 52 Jahre alt, wurde am Donnerstagnachmittag ein subdurales H\u00e4matom, das offenbar abgeleitet aus einer Operation, die Sie ge\u00fcbt im vergangene Juni krank zugelassen durch das gleiche Trauma, wahrscheinlich verursacht durch einen Schlag auf den Kopf in einem Hause Unfall 15.<\/p>\n<p>&#8220;(Der Grund f\u00fcr die Aufnahme) ist Teil eines R\u00fcckfalls, die im Rahmen der M\u00f6glichkeiten, war, aber die Diagnose, die die \u00c4rzteschaft hat, die den B\u00fcrgermeister dient, ist positiv,&#8221; bemerkte erm.<\/p>\n<p>Zwar die Partei &#8220;komplette Normalit\u00e4t&#8221;, \u00c4rzte werden pr\u00fcfen in den n\u00e4chsten zwei Tagen den Wiederherstellungsprozess von Petro, wer in der Intensivstation (ICU) bleiben.<\/p>\n<p>Einmal aus dieser Einheit, die \u00c4rzte entscheiden, wie viele Tage der Arbeitsunf\u00e4higkeit nehmen sollte.<\/p>\n<p>In der vorherigen Episode, Petro Aktivit\u00e4ten an der Spitze von dem B\u00fcro des B\u00fcrgermeisters nach etwa zehn Tagen Krankenstand wieder aufgenommen. EFE<\/p>\n","protected":false},"excerpt":{"rendered":"<p>Bogota, 10 Aug (EFE).-der B\u00fcrgermeister von Bogot\u00e1, Gustavo Petro, ist sich bewusst und erfolgreich aus abgerufen Operation, die am Vortag durch eine Prellung des Gehirns, ausgesetzt war laut ihr Privatsekret\u00e4r, Jorge Rojas. &#8220;Der B\u00fcrgermeister ist absolut bewusst, hat nur die Olympischen Medaillen erobert heute gefeiert und rufen Sie die neue Weisungen der Regierung-Team&#8221; Rojas Reportern [&hellip;]<\/p>\n","protected":false},"author":1,"featured_media":0,"comment_status":"close","ping_status":"open","sticky":false,"template":"","format":"standard","meta":{"footnotes":""},"categories":[3],"tags":[28004],"class_list":["post-16659","post","type-post","status-publish","format-standard","hentry","category-allgemeine","tag-stummen","et-doesnt-have-format-content","et_post_format-et-post-format-standard"],"_links":{"self":[{"href":"https:\/\/www.best-dentist-dentistry.com\/de\/wp-json\/wp\/v2\/posts\/16659","targetHints":{"allow":["GET"]}}],"collection":[{"href":"https:\/\/www.best-dentist-dentistry.com\/de\/wp-json\/wp\/v2\/posts"}],"about":[{"href":"https:\/\/www.best-dentist-dentistry.com\/de\/wp-json\/wp\/v2\/types\/post"}],"author":[{"embeddable":true,"href":"https:\/\/www.best-dentist-dentistry.com\/de\/wp-json\/wp\/v2\/users\/1"}],"replies":[{"embeddable":true,"href":"https:\/\/www.best-dentist-dentistry.com\/de\/wp-json\/wp\/v2\/comments?post=16659"}],"version-history":[{"count":0,"href":"https:\/\/www.best-dentist-dentistry.com\/de\/wp-json\/wp\/v2\/posts\/16659\/revisions"}],"wp:attachment":[{"href":"https:\/\/www.best-dentist-dentistry.com\/de\/wp-json\/wp\/v2\/media?parent=16659"}],"wp:term":[{"taxonomy":"category","embeddable":true,"href":"https:\/\/www.best-dentist-dentistry.com\/de\/wp-json\/wp\/v2\/categories?post=16659"},{"taxonomy":"post_tag","embeddable":true,"href":"https:\/\/www.best-dentist-dentistry.com\/de\/wp-json\/wp\/v2\/tags?post=16659"}],"curies":[{"name":"wp","href":"https:\/\/api.w.org\/{rel}","templated":true}]}}