{"id":16680,"date":"2012-09-21T03:09:00","date_gmt":"2012-09-21T03:09:00","guid":{"rendered":null},"modified":"-0001-11-30T00:00:00","modified_gmt":"-0001-11-30T00:00:00","slug":"ciu-reminds-psoe-and-iu-who-supported-the-creation-of-a-working-group-for-a-health-care-deal-in-congress","status":"publish","type":"post","link":"https:\/\/www.best-dentist-dentistry.com\/de\/ciu-reminds-psoe-and-iu-who-supported-the-creation-of-a-working-group-for-a-health-care-deal-in-congress\/16680","title":{"rendered":"CiU erinnert PSOE und IU, die Einrichtung einer Arbeitsgruppe f\u00fcr ein Gesundheits Angebot im Kongress unterst\u00fctzt"},"content":{"rendered":"<p class=\"first\"> MADRID, 19 (EUROPA PRESS)<\/p>\n<p>Der CiU Sprecher f\u00fcr Gesundheit im Kongress, Conxita Tarruella, wies auf die Sprecher der Abteilung der PSOE und IU, ausgeschiedener Mittwoch die Sitzung des Unterausschusses f\u00fcr ein Gesundheits-Angebot, die beide im Kongress die Schaffung dieser Arbeitsgruppe unterst\u00fctzt.<\/p>\n<p>Stellt fest, dass eine weitere Initiative angenommen durch diese parlamentarische die Gruppen Gespr\u00e4ch mit Europa Press der katalanischen nationalistischen, Bef\u00fcrworter der Kommission, auch angegeben werden, dass der Minister f\u00fcr Gesundheit, Ana Mato, die Empfehlungen ber\u00fccksichtigen w\u00fcrde, die vor der Arbeit von der Unterkommission f\u00fcr den Pakt Staat f\u00fcr Gesundheit, Mato k\u00fcndigte am 1. Februar in herauskam das Unterhaus.<\/p>\n<p>Fordert seine Kollegen in der Gesundheit-Sprecher, die weiter arbeiten, da diese Initiative die \u00c4nderungsantr\u00e4ge der Fraktionen enthalten und es angegeben, dass das Ministerium diese Empfehlungen ber\u00fccksichtigen m\u00fcssten.<\/p>\n<p>&#8220;Wollen nicht das Handtuch werfen, weil Staatsb\u00fcrgerschaft, Profis, wir bitten, dass Politiker, die wir nicht k\u00e4mpfen und wir, zustimmen sollten w\u00e4hrend wir das Dekret \u00fcber Gesundheit Einsparungen nicht teilen.&#8221; &#8220;Ich m\u00f6chte versuchen, die maximalen m\u00f6glichen Regelungen zur Verbesserung der aktuellen Situation der Gesundheit haben&#8221;, hat verurteilt.<\/p>\n<p>Insbesondere die Bewegung dr\u00e4ngte die Regierung unter anderem auf, die in Zusammenarbeit mit der autonomen Gemeinschaften, Fortschritte bei der \u00dcbernahme von Vereinbarungen, die im Rahmen des Bundes von der Gesundheit bei sch\u00f6nem, realisieren die Reformen notwendig, um die Qualit\u00e4t sicherzustellen Zusammenhalt und die Nachhaltigkeit des Gesundheitswesens, wobei zu ber\u00fccksichtigen die Empfehlungen des Unterausschusses.<\/p>\n","protected":false},"excerpt":{"rendered":"<p>MADRID, 19 (EUROPA PRESS) Der CiU Sprecher f\u00fcr Gesundheit im Kongress, Conxita Tarruella, wies auf die Sprecher der Abteilung der PSOE und IU, ausgeschiedener Mittwoch die Sitzung des Unterausschusses f\u00fcr ein Gesundheits-Angebot, die beide im Kongress die Schaffung dieser Arbeitsgruppe unterst\u00fctzt. Stellt fest, dass eine weitere Initiative angenommen durch diese parlamentarische die Gruppen Gespr\u00e4ch mit [&hellip;]<\/p>\n","protected":false},"author":1,"featured_media":0,"comment_status":"close","ping_status":"open","sticky":false,"template":"","format":"standard","meta":{"footnotes":""},"categories":[3],"tags":[28020,28019],"class_list":["post-16680","post","type-post","status-publish","format-standard","hentry","category-allgemeine","tag-gesundheits-angebot","tag-lebensqualitt-programm","et-doesnt-have-format-content","et_post_format-et-post-format-standard"],"_links":{"self":[{"href":"https:\/\/www.best-dentist-dentistry.com\/de\/wp-json\/wp\/v2\/posts\/16680","targetHints":{"allow":["GET"]}}],"collection":[{"href":"https:\/\/www.best-dentist-dentistry.com\/de\/wp-json\/wp\/v2\/posts"}],"about":[{"href":"https:\/\/www.best-dentist-dentistry.com\/de\/wp-json\/wp\/v2\/types\/post"}],"author":[{"embeddable":true,"href":"https:\/\/www.best-dentist-dentistry.com\/de\/wp-json\/wp\/v2\/users\/1"}],"replies":[{"embeddable":true,"href":"https:\/\/www.best-dentist-dentistry.com\/de\/wp-json\/wp\/v2\/comments?post=16680"}],"version-history":[{"count":0,"href":"https:\/\/www.best-dentist-dentistry.com\/de\/wp-json\/wp\/v2\/posts\/16680\/revisions"}],"wp:attachment":[{"href":"https:\/\/www.best-dentist-dentistry.com\/de\/wp-json\/wp\/v2\/media?parent=16680"}],"wp:term":[{"taxonomy":"category","embeddable":true,"href":"https:\/\/www.best-dentist-dentistry.com\/de\/wp-json\/wp\/v2\/categories?post=16680"},{"taxonomy":"post_tag","embeddable":true,"href":"https:\/\/www.best-dentist-dentistry.com\/de\/wp-json\/wp\/v2\/tags?post=16680"}],"curies":[{"name":"wp","href":"https:\/\/api.w.org\/{rel}","templated":true}]}}