{"id":16721,"date":"2012-09-21T00:00:00","date_gmt":"2012-09-21T00:00:00","guid":{"rendered":null},"modified":"-0001-11-30T00:00:00","modified_gmt":"-0001-11-30T00:00:00","slug":"the-official-college-of-odontologists-and-stomatologists-of-madrid-takes-legal-action-against-vitaldent-for-its-advertising-campaign-make-peace-with-the-dentist","status":"publish","type":"post","link":"https:\/\/www.best-dentist-dentistry.com\/de\/the-official-college-of-odontologists-and-stomatologists-of-madrid-takes-legal-action-against-vitaldent-for-its-advertising-campaign-make-peace-with-the-dentist\/16721","title":{"rendered":"Oficjalne kolegium odontologists i stomatologists z Madrytu podejmuje dzia\u0142ania prawne przeciwko Vitaldent dla jego kampanii reklamowej &#8220;Doda\u0107 do pokoju z dentysta&#8221;"},"content":{"rendered":"<p>&lt;!-[Je\u015bli gte mso 9] &gt;&lt; xml &gt; <o:DocumentProperties>  <o:Author> Laura <\/o:Author>  <o:Version> 11.9999 <\/o:Version> <\/o:DocumentProperties><\/xml> <![endif]--> &lt;!-[Je\u015bli gte mso 9] &gt; <xml> <w:WordDocument>  <w:View> normalne <\/w:View>  <w:Zoom> 0 <\/w:Zoom>  <w:HyphenationZone> 21 <\/w:HyphenationZone>  <w:PunctuationKerning\/>  <w:ValidateAgainstSchemas\/>  <w:SaveIfXMLInvalid> fa\u0142szywe <\/w:SaveIfXMLInvalid>  <w:IgnoreMixedContent> fa\u0142szywe <\/w:IgnoreMixedContent>  <w:AlwaysShowPlaceholderText> fa\u0142szywe <\/w:AlwaysShowPlaceholderText>  <w:Compatibility>   <w:BreakWrappedTables\/>   <w:SnapToGridInCell\/>   <w:WrapTextWithPunct\/>   <w:UseAsianBreakRules\/>   <w:DontGrowAutofit\/>  <\/w:Compatibility>  <w:BrowserLevel> MicrosoftInternetExplorer4 <\/w:BrowserLevel> <\/w:WordDocument><\/xml> <![endif]--> &lt;!-[Je\u015bli gte mso 9] &gt; <xml> &lt; w:LatentStyles DefLockedState = &#8220;false&#8221; LatentStyleCount = &#8220;156&#8221; &gt; <\/w:LatentStyles><\/xml> <![endif]--> &lt;!-[Je\u015bli gte mso 10] &gt;<\/p>\n<style> \/ * Definicje styl\u00f3w * \/ tabela.MsoNormalTableu0009{Nazwa stylu mso: \"Tabela normalny\";}u0009MSO-tstyle-rowband rozmiar: 0;u0009MSO-tstyle-colband rozmiar: 0;u0009MSO-styl noshow: tak;u0009\"mso styl rodzic\u00f3w:\" \";\"u0009MSO-dope\u0142nienie alt: 0 cm 0 cm 5.4pt 5.4pt;u0009MSO na margines: 0 cm;u0009MSO na margines dolny:. 0001pt;u0009MSO-paginacja: wdowa sierocych;u0009font-size: 10. 0pt;u0009font-family: \"Times New Roman\";u0009MSO-ansi j\u0119zyk: #0400;u0009mso-fareast j\u0119zyk: #0400;u0009{mso-bidi j\u0119zyk: #0400;}<\/style>\n<p><![endif]--><\/p>\n<p style=\"font-weight: bold;\" class=\"MsoNormal\"> <font size=\"3\"> Oficjalna College of odontologists i stomatologists w Madryciepodejmuje dzia\u0142ania prawne przeciwko Vitaldent dla jego kampanii reklamowej  si\u0119Pok\u00f3j z dentysta &#8221;<\/font><\/p>\n<p class=\"MsoNormal\"> <font size=\"2\"><\/font><\/p>\n<p class=\"MsoNormal\"> <font size=\"2\">-FACUA i SOS rasizm popar\u0142 inicjatyw\u0119 COEM doUwa\u017ca si\u0119, \u017ce kampania dyskredytuje zawodu i ma jasnyksenofobicznych sk\u0142adnika<\/font><\/p>\n<p class=\"MsoNormal\"> <font size=\"2\">-samokontrola ju\u017c wyda\u0142a opini\u0119, kt\u00f3ra dosz\u0142a do wniosku,\u017ce  Vitaldent kampanii reklamowej jest myl\u0105ce, dyskryminacji iponi\u017caj\u0105ce &#8221;<\/font><\/p>\n<p class=\"MsoNormal\"> <font size=\"2\"><\/font><\/p>\n<p class=\"MsoNormal\"> <font size=\"2\"> <span style=\"font-weight: bold;\"> w Madrycie, maja 2012 roku.-<\/span> kolegium lekarzy dentyst\u00f3w iStomatologists w Madrycie (COEM) rozpocz\u0119\u0142a post\u0119powanie s\u0105dowe przeciwko Twojej firmyVitaldent przez kampani\u0119 reklamow\u0105 tzw  dosta\u0107 pok\u00f3j zdentysta &#8221;, uzasadniaj\u0105c to podwa\u017ca profesjonalizmu lekarzy dentyst\u00f3w\u017ce nie nale\u017c\u0105 do tej firmy, a przez jego pejoratywny aluzja doprofesjonali\u015bci, kt\u00f3rzy nie s\u0105 obywatele hiszpa\u0144scy.<span style=\"mso-spacerun:yes\"><\/span><\/font><\/p>\n<p class=\"MsoNormal\"> <font size=\"2\"> do dr Ramon Soto-Yarritu, prezydent COEM,&#8221;Szko\u0142a nie mo\u017ce pozosta\u0107 oboj\u0119tna przed tak nieuczciwej reklamy i&#8221;do obywatela i do pacjenta opieki zdrowotnej, zawodowej, gdy\u017c jest to myl\u0105ce.Obni\u017ca jako\u015b\u0107 profesjonaln\u0105 opiek\u0119 funkcja ustnecentrum zdrowia lub klinice gdzie odbywa si\u0119 na podstawieobywatelstwo i \u017cycia zawodowego, tym samym w obliczu dw\u00f3ch modeliopieki stomatologicznej, takich jak tradycyjne klinika stomatologiczna i trybKliniczne franchisingu. Wszystkie kolegiaty skrupulatnie przestrzega\u0107&#8221;zobowi\u0105zania, kt\u00f3re s\u0105 p\u0142atne&#8221;.<\/font><\/p>\n<p class=\"MsoNormal\"> <font size=\"2\"> el COEM posiada r\u00f3wnie\u017c wsparcie stowarzyszeniaFACU-konsument\u00f3w w akcji &#8211; kt\u00f3ry zosta\u0142 zgodzi\u0142 si\u0119 z kampaniize swojego domu &#8211; oraz z organizacji Pozarz\u0105dowych SOS rasizm.<\/font><\/p>\n<p class=\"MsoNormal\"> <font size=\"2\"> dla Ruben Sanchez, rzecznik FACU &#8211; konsument\u00f3w wDzia\u0142anie,  kampanii oferuje pejoratywne i poni\u017caj\u0105ce obrazu zspecjalist\u00f3w w bran\u017cy i promowania stereotyp\u00f3w ksenofobicznych. Ponadto generujezamieszanie na u\u017cytkownik\u00f3w &#8211; przez pr\u00f3by wp\u0142ywania na jego decyzje w oparciu oFA\u0141SZ &#8211; i poniesione w przypadku informacji niedozwolonej reklamy &#8221;.<\/font><\/p>\n<p class=\"MsoNormal\"> <font size=\"2\"> w mi\u0119dzyczasie Mikel Mazkiaran, rzecznik prasowy FederacjiStan SOS rasizm powiedzia\u0142:  chcesz pokaza\u0107 naszym absolutnym odrzucenie wniosk\u00f3wTa kampania jako pewne stereotypy dotycz\u0105ce imigrant\u00f3w s\u0105 obs\u0142ugiwane wnegatywne poczucie, wy\u015bmiewa za darmo i <span style=\"mso-spacerun:yes\"><\/span> prejuiciosa <span style=\"mso-spacerun:yes\"><\/span> Ameryki \u0141aci\u0144skiej imigrant\u00f3w do wzmocnienia konkretnej opcjipoprzez agresywne reklamy firmy. Dlatego prosimy o Twojewycofane przez pomoc utrzymuj\u0105, \u017ce pewne rasistowskie postawyNiestety osadzone s\u0105 w naszym spo\u0142ecze\u0144stwie &#8221;. <\/font><\/p>\n<p style=\"font-weight: bold;\" class=\"MsoNormal\"> <font size=\"2\"> wydajno\u015b\u0107 COEM, krok po kroku<\/font><\/p>\n<p class=\"MsoNormal\"> <font size=\"2\"> od wygl\u0105du kampanii w telewizji, COEM, wza\u017c\u0105da\u0142 jego zapa\u0142 do obrony dentyst\u0119,Opinia w sprawie zewn\u0119trznych urz\u0119du, w kt\u00f3rym stwierdza si\u0119, \u017ce Kampania mo\u017ce by\u0107 niezgodne z prawem i niesprawiedliwe &#8221;, za\u017c\u0105da\u0142a raport w kt\u00f3rym opanowanie tegopodmiot uwa\u017ca, \u017ce kampania jest  wprowadzaj\u0105ce w b\u0142\u0105d, dyskryminacji i poni\u017caj\u0105ce &#8221; iOn przekaza\u0142 wniosek Vitaldent do jego wycofania. Wreszcie nieuzyska\u0107 odpowied\u017a i nie wycofane kampanii w mediach, COEM mapostanowi\u0142a podj\u0105\u0107 dzia\u0142ania prawne przeciwko Vitaldent w celudosta\u0107 zaprzestania kampanii reklamowej, z jednej strony, a nainny, orzeczenia s\u0105dowe o\u015bwiadczaj\u0105c, \u017ce Pa\u0144stwo to jest reklamaniezgodne z prawem i nieuczciwe.<\/font><\/p>\n<p style=\"font-weight: bold;\" class=\"MsoNormal\"> <font size=\"2\"> na COEM<\/font><\/p>\n<p class=\"MsoNormal\"> <font size=\"2\"> College of odontologists i stomatologists regionu 1(COEM), za\u0142o\u017cony w 1930 roku, jest sp\u00f3\u0142k\u0105 prawa publicznego zosobowo\u015b\u0107 prawn\u0105 oraz pe\u0142n\u0105 zdolno\u015b\u0107 do spe\u0142nienia ichcel\u00f3w, kt\u00f3re jest regulowane przez prawo stowarzysze\u0144 zawodowych i w\u0142asnychStatut. Zakres terytorialny Kolegium sk\u0142ada si\u0119 Wsp\u00f3lnoty Madrytu iprowincji \u00c1vila, Ciudad Real, Cuenca, Guadalajara, Toledo. Od 1981 rokuZ siedzib\u0105 w liczbie 32 ul Vitruvio, w Madrycie.Obecnie ma ponad 7000 cz\u0142onk\u00f3w. <\/font><\/p>\n<p class=\"MsoNormal\"> <font size=\"2\"> <br \/><\/font><\/p>\n<p class=\"MsoNormal\"> <font size=\"2\"> <br \/><\/font><\/p>\n<p class=\"MsoNormal\"><\/p>\n","protected":false},"excerpt":{"rendered":"<p>&lt;!-[Je\u015bli gte mso 9] &gt;&lt; xml &gt; Laura 11.9999 &lt;!-[Je\u015bli gte mso 9] &gt; normalne 0 21 fa\u0142szywe fa\u0142szywe fa\u0142szywe MicrosoftInternetExplorer4 &lt;!-[Je\u015bli gte mso 9] &gt; &lt; w:LatentStyles DefLockedState = &#8220;false&#8221; LatentStyleCount = &#8220;156&#8221; &gt; &lt;!-[Je\u015bli gte mso 10] &gt; Oficjalna College of odontologists i stomatologists w Madryciepodejmuje dzia\u0142ania prawne przeciwko Vitaldent dla jego kampanii [&hellip;]<\/p>\n","protected":false},"author":1,"featured_media":0,"comment_status":"open","ping_status":"open","sticky":false,"template":"","format":"standard","meta":{"footnotes":""},"categories":[1],"tags":[28145,28143,28144],"class_list":["post-16721","post","type-post","status-publish","format-standard","hentry","category-zahnmedizin-news","tag-doda","tag-oficjalne","tag-podejmuje","et-doesnt-have-format-content","et_post_format-et-post-format-standard"],"_links":{"self":[{"href":"https:\/\/www.best-dentist-dentistry.com\/de\/wp-json\/wp\/v2\/posts\/16721","targetHints":{"allow":["GET"]}}],"collection":[{"href":"https:\/\/www.best-dentist-dentistry.com\/de\/wp-json\/wp\/v2\/posts"}],"about":[{"href":"https:\/\/www.best-dentist-dentistry.com\/de\/wp-json\/wp\/v2\/types\/post"}],"author":[{"embeddable":true,"href":"https:\/\/www.best-dentist-dentistry.com\/de\/wp-json\/wp\/v2\/users\/1"}],"replies":[{"embeddable":true,"href":"https:\/\/www.best-dentist-dentistry.com\/de\/wp-json\/wp\/v2\/comments?post=16721"}],"version-history":[{"count":0,"href":"https:\/\/www.best-dentist-dentistry.com\/de\/wp-json\/wp\/v2\/posts\/16721\/revisions"}],"wp:attachment":[{"href":"https:\/\/www.best-dentist-dentistry.com\/de\/wp-json\/wp\/v2\/media?parent=16721"}],"wp:term":[{"taxonomy":"category","embeddable":true,"href":"https:\/\/www.best-dentist-dentistry.com\/de\/wp-json\/wp\/v2\/categories?post=16721"},{"taxonomy":"post_tag","embeddable":true,"href":"https:\/\/www.best-dentist-dentistry.com\/de\/wp-json\/wp\/v2\/tags?post=16721"}],"curies":[{"name":"wp","href":"https:\/\/api.w.org\/{rel}","templated":true}]}}