{"id":16722,"date":"2012-09-21T00:00:00","date_gmt":"2012-09-21T00:00:00","guid":{"rendered":null},"modified":"-0001-11-30T00:00:00","modified_gmt":"-0001-11-30T00:00:00","slug":"forum-dental-2013-moved-to-the-premises-of-gran-via-fira-barcelona","status":"publish","type":"post","link":"https:\/\/www.best-dentist-dentistry.com\/de\/forum-dental-2013-moved-to-the-premises-of-gran-via-fira-barcelona\/16722","title":{"rendered":"Forum stomatologiczne 2013 r. przeni\u00f3s\u0142 si\u0119 do pomieszcze\u0144 Gran Via Fira Barcelona."},"content":{"rendered":"<p><strong>Forum stomatologiczne 2013 r. przeni\u00f3s\u0142 si\u0119 do Gran Via Fira Barcelona miejscem. <\/p>\n<p><\/strong><font size=\"2\"> <strong>salon zaczyna si\u0119 nowy etap naznaczony dynamika sektora.<\/strong> <\/p>\n<p>-Forum Dental, FDM, pozostawia Montju\u00efc i przeni\u00f3s\u0142 si\u0119 do pa\u0142acu 1 obudowy Gran Via z Fira de Barcelona, kt\u00f3ra b\u0119dzie \u015bwi\u0119towa\u0107 swoje 8th Edition &#8211; to pierwszy organizowany przez Messe D\u00fcsseldorf &#8211; od 11 do 13 kwietnia 2013. Fira de Barcelona chce przyczyni\u0107 si\u0119 do zwi\u0119kszenia dzia\u0142alno\u015bci handlowej i generowa\u0107 biznesu, jak r\u00f3wnie\u017c stanowisko targ\u00f3w jako punkt odniesienia w tym sektorze. R\u00f3wnie\u017c zwi\u0119kszy wymian\u0119 wiedzy z bardziej naukowe kongresy, konferencje i nowe dzia\u0142ania <\/p>\n<p> <strong>w Barcelonie, maja 2012 roku.-<\/strong> osoby odpowiedzialne za Forum stomatologiczne przedstawione w kwietniu strategicznych linii jego kolejna edycja, uzgodnione z g\u0142\u00f3wnych graczy w przemy\u015ble i sektorze stomatologicznympoda\u017cy i popytu. Ta prezentacja wzi\u0119\u0142o udzia\u0142 ponad 40 szef\u00f3w przedsi\u0119biorstw w sektorach reprezentowanych w hali, wezwa\u0142 do ich udzia\u0142u w projekcie nowego formatu konkursu i dostosowanie go do swoich interes\u00f3w.  z tej inicjatywy, chcemy by\u0107 obok sektora i reagowa\u0107 na ich potrzeby i obawy &#8221;, wyja\u015bnia Albert p\u0142askie, Dyrektor handlowy obszar Fira de Barcelona. <\/p>\n<p>G\u0142\u00f3wne nowo\u015bci Kolejna edycja Forum, w\u015br\u00f3d jego przekazanie Montju\u00efc pawilon 1 obudowy Fira de Barcelona Gran Via. Zaprojektowany przez japo\u0144skiego architekta Toyo Ito, now\u0105 obudow\u0119 skutecznie reaguje na obecne wymogi firm: jest wyposa\u017cony w najbardziej zaawansowanych technologii targi, jej przestrzenie wystawowe s\u0105 bardzo funkcjonalne i maj\u0105 prze\u017aroczysty dystrybucji, kt\u00f3ry u\u0142atwia monta\u017c, demonta\u017c i logistykaOpr\u00f3cz szerokiej gamy kuchni i sale konferencyjne. <\/p>\n<p>Dla Planas  wizerunek salonu musz\u0105 odpowiada\u0107 z danego sektora, kt\u00f3ry wyr\u00f3\u017cnia si\u0119 swoj\u0105 du\u017c\u0105 zdolno\u015b\u0107 do innowacji i zobowi\u0105zanie do jako\u015bci. &#8220;W tym sensie, nowa siedziba jest bez w\u0105tpienia najbardziej odpowiednie&#8221;. Wed\u0142ug Roger Mitjana, dyrektor hali,  nowa witryna umo\u017cliwia tak\u017ce w\u0142\u0105czenie jednej z sal konferencyjnych na terenie wystawy Palace 1 a tym samym zwi\u0119kszenie przep\u0142ywu turyst\u00f3w, wniosek, \u017ce przenie\u015bli nas wielu wystawc\u00f3w &#8221;. <\/p>\n<p>Gran Via centrum wystawowego jest r\u00f3wnie\u017c bardzo dobrze skomunikowane, 10 minut drogi od lotniska w Barcelonie, 10 Barcelona \u015brodkami transportu publicznego (FGC), tylko 3 km od obudowy Plaza Hiszpanii i z 4 parkingi dla ponad 4500 os\u00f3b. Istnieje r\u00f3wnie\u017c du\u017cy wyb\u00f3r 25,996 Pokoje Hotele w promieniu kilku kilometr\u00f3w. <\/p>\n<p><strong>Bardziej komercyjne dzia\u0142alno\u015b\u0107 i biznes<\/strong> <\/p>\n<p>Innym linii strategicznym konkursu jest oferta przedsi\u0119biorstwa i generowa\u0107 biznes. Fira de Barcelona jako organizatora Forum mo\u017ce otrzyma\u0107, na przyk\u0142ad sieci przedstawicielstw za granic\u0105, reprezentowany w 33 krajach, aby wykona\u0107 zadanie intensywnej promocji i rekrutacji wystawc\u00f3w, zwiedzaj\u0105cych i delegat\u00f3w. Zgodnie z p\u0142askim  w zglobalizowanej gospodarce, jednym z naszych g\u0142\u00f3wnych cel\u00f3w jest za \u015bwiatowego lidera dzia\u0142aj\u0105c lokalnie. W tej linii, chcemy zwr\u00f3ci\u0107 na Forum do  piasta &#8221; lub centrum wzajemne po\u0142\u0105czenie biznesu i wiedzy o sektorze pomi\u0119dzy Hiszpani\u0105 i nowe rynki &#8221;. <\/p>\n<p>Do Dr. Jos\u00e9 Luis Navarro, przewodnicz\u0105cym oficjalnej kolegium odontologists i stomatologists Katalonii (COEC) i mi\u0119dzynarodowe Forum stomatologiczne,  nadszed\u0142 czas, \u017ce Kongres naukowy, opr\u00f3cz konsolidacji na p\u00f3\u0142wyspie, przesuwa granice, a do tego potrzebujemy, struktury i profesjonalizm instytucji takich jak Fira de Barcelona &#8221;. Ponadto odb\u0119dzie si\u0119 w tym roku  1st European Forum stomatologiczne &#8221;, kt\u00f3ry b\u0119dzie oznacza\u0107 wzorc\u00f3w wzrostu w tym sektorze. <\/p>\n<p>Linia ta wyra\u017ca r\u00f3wnie\u017c Mitjana, kt\u00f3ry wskazuje, \u017ce  nasze wszelkich stara\u0144 w celu promowania uczenia si\u0119 i interakcji mi\u0119dzy specjalist\u00f3w krajowych i mi\u0119dzynarodowych, za pomoc\u0105 narz\u0119dzi jako  Business meczu &#8221;, kt\u00f3ry u\u0142atwia tworzenie kontakt\u00f3w i spotka\u0144. Inne zmiany obejmuj\u0105 tworzenie  innowacyjna &#8221; i  g\u0142o\u015bnik\u00f3w &#8217; rogu &#8221;, gdzie wystawcy mo\u017ce da\u0107 swoje produkty i nowo\u015bci w 30-minutowych sesji. <\/p>\n<p>Zgodnie z p\u0142askim  podni\u00f3s\u0142 uczciwej jako ekonomiczne i skuteczne, jak to mo\u017cliwe dla wystawc\u00f3w, kt\u00f3rzy b\u0119d\u0105 korzysta\u0107 z propozycji dla u\u0142atwienia ich uczestnictwa i staranne po\u0142\u0105czenie jako\u015bci turyst\u00f3w poszukuj\u0105cych nowych dostawc\u00f3w i us\u0142ug. Nasz\u0105 obsesj\u0105 &#8211; stwierdza &#8211; jest zwrot inwestycji w firmy &#8221;. <\/p>\n<p>Podobnie jak w innych pokojach Fira de Barcelona b\u0119dzie Komitet Steruj\u0105cy, sk\u0142adaj\u0105cy si\u0119 z przedstawicieli wszystkich podsektor\u00f3w stomatologii pole doradzi\u0107 i przypomnienie kierunku hali i uczestnictwa w projekcie planu strategicznego. R\u00f3wnie\u017c z tym Komitetem, aby utworzy\u0107 Komitet, kt\u00f3rego funkcje ma na celu opracowanie i zidentyfikowa\u0107 naukowy program Kongresu, kt\u00f3ry b\u0119dzie zorganizowany wok\u00f3\u0142 kilku temat\u00f3w takich jak 3D diagnozy, powi\u0119kszenie w stomatologii i system\u00f3w CAD\/CAM, m.in. <\/p>\n<p><\/font><\/p>\n","protected":false},"excerpt":{"rendered":"<p>Forum stomatologiczne 2013 r. przeni\u00f3s\u0142 si\u0119 do Gran Via Fira Barcelona miejscem. salon zaczyna si\u0119 nowy etap naznaczony dynamika sektora. -Forum Dental, FDM, pozostawia Montju\u00efc i przeni\u00f3s\u0142 si\u0119 do pa\u0142acu 1 obudowy Gran Via z Fira de Barcelona, kt\u00f3ra b\u0119dzie \u015bwi\u0119towa\u0107 swoje 8th Edition &#8211; to pierwszy organizowany przez Messe D\u00fcsseldorf &#8211; od 11 do [&hellip;]<\/p>\n","protected":false},"author":1,"featured_media":0,"comment_status":"open","ping_status":"open","sticky":false,"template":"","format":"standard","meta":{"footnotes":""},"categories":[1],"tags":[28145],"class_list":["post-16722","post","type-post","status-publish","format-standard","hentry","category-zahnmedizin-news","tag-doda","et-doesnt-have-format-content","et_post_format-et-post-format-standard"],"_links":{"self":[{"href":"https:\/\/www.best-dentist-dentistry.com\/de\/wp-json\/wp\/v2\/posts\/16722","targetHints":{"allow":["GET"]}}],"collection":[{"href":"https:\/\/www.best-dentist-dentistry.com\/de\/wp-json\/wp\/v2\/posts"}],"about":[{"href":"https:\/\/www.best-dentist-dentistry.com\/de\/wp-json\/wp\/v2\/types\/post"}],"author":[{"embeddable":true,"href":"https:\/\/www.best-dentist-dentistry.com\/de\/wp-json\/wp\/v2\/users\/1"}],"replies":[{"embeddable":true,"href":"https:\/\/www.best-dentist-dentistry.com\/de\/wp-json\/wp\/v2\/comments?post=16722"}],"version-history":[{"count":0,"href":"https:\/\/www.best-dentist-dentistry.com\/de\/wp-json\/wp\/v2\/posts\/16722\/revisions"}],"wp:attachment":[{"href":"https:\/\/www.best-dentist-dentistry.com\/de\/wp-json\/wp\/v2\/media?parent=16722"}],"wp:term":[{"taxonomy":"category","embeddable":true,"href":"https:\/\/www.best-dentist-dentistry.com\/de\/wp-json\/wp\/v2\/categories?post=16722"},{"taxonomy":"post_tag","embeddable":true,"href":"https:\/\/www.best-dentist-dentistry.com\/de\/wp-json\/wp\/v2\/tags?post=16722"}],"curies":[{"name":"wp","href":"https:\/\/api.w.org\/{rel}","templated":true}]}}