{"id":16730,"date":"2012-09-22T02:20:25","date_gmt":"2012-09-22T02:20:25","guid":{"rendered":null},"modified":"-0001-11-30T00:00:00","modified_gmt":"-0001-11-30T00:00:00","slug":"diagnosis-and-early-intervention-center-receives-350000-euros-for-children-under-3-years","status":"publish","type":"post","link":"https:\/\/www.best-dentist-dentistry.com\/de\/diagnosis-and-early-intervention-center-receives-350000-euros-for-children-under-3-years\/16730","title":{"rendered":"Diagnose und Fr\u00fchf\u00f6rderung Center erh\u00e4lt 350.000 Euro f\u00fcr Kinder unter 3 Jahren"},"content":{"rendered":"<p class=\"first\"> <span class=\"yshortcuts\" id=\"lw_1331645791_0\"> VALENCIA<\/span>, 13 (<span class=\"yshortcuts\" id=\"lw_1331645791_1\"> EUROPA PRESS<\/span>)<\/p>\n<p>Der Minister f\u00fcr Justiz und <span class=\"yshortcuts\" id=\"lw_1331645791_2\"> Soziales<\/span>, <span class=\"yshortcuts\" id=\"lw_1331645791_3\"> Jorge Cabr\u00e9<\/span>, unterzeichnet Dienstag mit dem Rektor der <span class=\"yshortcuts\" id=\"lw_1331645791_4\"> Universitat de Val\u00e8ncia<\/span>, <span class=\"yshortcuts\" id=\"lw_1331645791_5\"> Esteban<\/span> <span class=\"yshortcuts\" id=\"lw_1331645791_6\"> Morcillo<\/span>, <span class=\"yshortcuts\" id=\"lw_1331645791_7\"> \u00dcbereinkommen<\/span> \u00fcber die Wartung der <span class=\"yshortcuts\" id=\"lw_1331645791_8\"> Universitari<\/span> de Diagnose Zentrum i Aten Primerenca-CUDAT, von denen die Generalitat Valenciana 349.991 Euro in diesem Jahr bestimmt diese Anlaufstelle f\u00fcr und prophylaktische Behandlung von Kindern unter 3 Jahren mit den Problemen der Entwicklung oder das Risiko des Leidens zur\u00fcck.<\/p>\n<p>Dieser Center, die im Jahr 2006 als Ergebnis der Zusammenarbeit zwischen dem Justizministerium und Sozialhilfe und der Universit\u00e4t Valencia gegr\u00fcndet wurde, dient derzeit mehr als 100 Kinder. Ausgerechnet die Generalit\u00c3 \u00a4 t hat konzertierte 70.<\/p>\n<p>Der Direktor des Zentrums, Francisco Alcantud, erkl\u00e4rte, dass dieses Zentrum Kinder mit allen m\u00f6glichen Krankheiten behandelt. Die erste Gruppe mit Kindern mit Erkrankungen der gute Evolution, Kinder mit niedrigen Gewicht bei der Geburt, w\u00e4hrend die zweite h\u00e4ufigste Gruppe Kinder mit Autismus gebildet, und sie sind bis zu 4 Jahre, wenn Erziehung abgeleitet. <\/p>\n<p>Center, ambulante, erf\u00fcllt die Bed\u00fcrfnisse von Kindern, die St\u00f6rungen in ihrer Entwicklung oder sind von einer umfassenden Sicht, leiden, w\u00e4hrend Bio-Psycho-sozialen Aspekte beim Ausbau seiner Kapazit\u00e4ten f\u00fcr Entwicklung und Wohlstand erm\u00f6glicht deren Integration in Familie, Schule und Soziales Umfeld, sowie ihre pers\u00f6nliche Autonomie bedroht.<\/p>\n<p>Erkl\u00e4rte In diesem Zusammenhang, dass wenn eine Familie erz\u00e4hlt wird, dass das Kind die Krankheit hat &#8220;einen erheblichen emotionalen Schock&#8221;, der &#8220;viele Male Desestructura Koexistenz&#8221; sogar leidet. Aus diesem Grund umfasst moderne Behandlung im Fr\u00fchstadium auch famili\u00e4re Betreuung.   <\/p>\n<p>Die CUDAP Aktivit\u00e4ten sind f\u00fcnf Kern-Programme, die Physiotherapie, Sprachtherapie, kognitive Entwicklung, Unterst\u00fctzung und Familienberatung enthalten und Sensibilisierung f\u00fcr die Umwelt des Kindes orchestriert. Auch verschiedene Zimmerangebot f\u00fcr Eingriffe mit dem Kind und seiner Familie (Beratung, Psychologen, Logop\u00e4den, usw.), Halle der Physiotherapie, Mehrzwecks\u00e4le f\u00fcr die Entwicklung des Individuums und Gruppenaktivit\u00e4ten, und Stimulierung neurokognitiven und sensorische Integration. <\/p>\n<p>Seinerseits hat die regionalen Minister Jorge Cabr\u00e9 &#8220;die Bedeutung der Fr\u00fcherkennung von Ver\u00e4nderungen in der Entwicklung von Kindern, die eine deutliche Verbesserung ihrer Lebensqualit\u00e4t ist&#8221;, bekr\u00e4ftigt und hat daf\u00fcr gesorgt, dass &#8220;durch Behandlung im Fr\u00fchstadium Zentren eine angemessene Reifung in allen Bereichen erhalten&#8221;.<\/p>\n<p>1.800 Pl\u00e4tzen in der Gemeinschaft<\/p>\n<p>Z.z. Valencia hat 31 fr\u00fche Interventionsorte f\u00fcr Pflege oder vorbeugenden Behandlung von Kindern mit Problemen der Entwicklung oder Risiko f\u00fcr sie, die angeboten insgesamt 1.800 Sitzpl\u00e4tzen f\u00fcr Kinder von 0 bis 3 Jahren, es erlaubt mehr als 4.000 Kinder t\u00e4gliche Pflege anzubieten.<\/p>\n<p>Diese Zentren h\u00e4ngen von Entit\u00e4ten ohne Geist Gewinn als die Asindown-Stiftung und der Valencia-Verband der Hilfe zur Zerebralparese (AVAPACE) oder Gemeinden wie Xativa und Orihuela, unter anderen. Im Jahr 2012, das Justizministerium und Sozialhilfe sieht 6,1 Millionen Euro in Form von Zusch\u00fcssen zu diesen Zentren.<\/p>\n<p>&#8220;Trotz Wirtschaftskrise die Regierung hat nicht abgenommen, die Budgets f\u00fcr die sozial schwachen und, in einigen F\u00e4llen gestiegen wie zum Beispiel f\u00fcr Menschen mit Behinderungen, die f\u00fcr diese \u00dcbung von 6,4 Millionen Euro mehr als in 2011&#8221;, erh\u00f6ht hervorgehoben hat.<\/p>\n<p>F\u00fcr seinen Teil, der Rektor der Universit\u00e4t, Esteban Morcillo, hervorgehoben, die Lehre und Forschung der CUDAT Arbeit und hat auch hervorgehoben, dass in modernen Gesellschaften m\u00fcssen &#8220;Sensibilit\u00e4t gegen\u00fcber den meisten benachteiligte zeigen&#8221; und &#8220;alles tun, um sie in die Gesellschaft zu integrieren&#8221;.<\/p>\n","protected":false},"excerpt":{"rendered":"<p>VALENCIA, 13 ( EUROPA PRESS) Der Minister f\u00fcr Justiz und Soziales, Jorge Cabr\u00e9, unterzeichnet Dienstag mit dem Rektor der Universitat de Val\u00e8ncia, Esteban Morcillo, \u00dcbereinkommen \u00fcber die Wartung der Universitari de Diagnose Zentrum i Aten Primerenca-CUDAT, von denen die Generalitat Valenciana 349.991 Euro in diesem Jahr bestimmt diese Anlaufstelle f\u00fcr und prophylaktische Behandlung von Kindern [&hellip;]<\/p>\n","protected":false},"author":1,"featured_media":0,"comment_status":"close","ping_status":"open","sticky":false,"template":"","format":"standard","meta":{"footnotes":""},"categories":[3],"tags":[28158],"class_list":["post-16730","post","type-post","status-publish","format-standard","hentry","category-allgemeine","tag-rozwojowe","et-doesnt-have-format-content","et_post_format-et-post-format-standard"],"_links":{"self":[{"href":"https:\/\/www.best-dentist-dentistry.com\/de\/wp-json\/wp\/v2\/posts\/16730","targetHints":{"allow":["GET"]}}],"collection":[{"href":"https:\/\/www.best-dentist-dentistry.com\/de\/wp-json\/wp\/v2\/posts"}],"about":[{"href":"https:\/\/www.best-dentist-dentistry.com\/de\/wp-json\/wp\/v2\/types\/post"}],"author":[{"embeddable":true,"href":"https:\/\/www.best-dentist-dentistry.com\/de\/wp-json\/wp\/v2\/users\/1"}],"replies":[{"embeddable":true,"href":"https:\/\/www.best-dentist-dentistry.com\/de\/wp-json\/wp\/v2\/comments?post=16730"}],"version-history":[{"count":0,"href":"https:\/\/www.best-dentist-dentistry.com\/de\/wp-json\/wp\/v2\/posts\/16730\/revisions"}],"wp:attachment":[{"href":"https:\/\/www.best-dentist-dentistry.com\/de\/wp-json\/wp\/v2\/media?parent=16730"}],"wp:term":[{"taxonomy":"category","embeddable":true,"href":"https:\/\/www.best-dentist-dentistry.com\/de\/wp-json\/wp\/v2\/categories?post=16730"},{"taxonomy":"post_tag","embeddable":true,"href":"https:\/\/www.best-dentist-dentistry.com\/de\/wp-json\/wp\/v2\/tags?post=16730"}],"curies":[{"name":"wp","href":"https:\/\/api.w.org\/{rel}","templated":true}]}}