{"id":16731,"date":"2012-09-22T02:20:29","date_gmt":"2012-09-22T02:20:29","guid":{"rendered":null},"modified":"-0001-11-30T00:00:00","modified_gmt":"-0001-11-30T00:00:00","slug":"satse-regrets-to-ana-mato-take-measures-on-nurses-without-asking-your-opinion","status":"publish","type":"post","link":"https:\/\/www.best-dentist-dentistry.com\/de\/satse-regrets-to-ana-mato-take-measures-on-nurses-without-asking-your-opinion\/16731","title":{"rendered":"SATSE bedauern Ana Mato Ma\u00dfnahmen auf Krankenschwestern ohne zu Fragen, Ihre Meinung"},"content":{"rendered":"<p class=\"first\"> <span class=\"yshortcuts\" id=\"lw_1331645732_0\"> MADRID<\/span>, 13 (<span class=\"yshortcuts\" id=\"lw_1331645732_1\"> EUROPA PRESS<\/span>)<\/p>\n<p><span class=\"yshortcuts\" id=\"lw_1331645732_2\"> Union<\/span> <span class=\"yshortcuts\" id=\"lw_1331645732_4\"> SATSE<\/span> <span class=\"yshortcuts\" id=\"lw_1331645732_3\"> Krankenpflege<\/span> hat beklagt, dass der <span class=\"yshortcuts\" id=\"lw_1331645732_5\"> Minister<\/span> f\u00fcr <span class=\"yshortcuts\" id=\"lw_1331645732_6\"> Gesundheit<\/span>, <span class=\"yshortcuts\" id=\"lw_1331645732_7\"> soziale Dienste<\/span> und <span class=\"yshortcuts\" id=\"lw_1331645732_8\"> Gleichheit<\/span>, Ana Mato, Ma\u00dfnahmen angek\u00fcndigt hat, die dieser Gruppe auswirken wird, ohne dass Ihre Meinung auf Projekte wie die Schaffung eines Systems der beruflichen Entwicklung in Spanien, das Management der Gesundheitsberufe oder die Entwicklung einer Plattform f\u00fcr Innovation in diesem Sektor genehmigt.<\/p>\n<p>Sind auch ver\u00e4rgert da Mato &#8220;beschr\u00e4nken zugeschnitten&#8221; mit Foren wie dem Beirat des nationalen Gesundheitssystems, statt, am Montag und welche nicht vertretenen Gewerkschaften gew\u00e4hlt von Fachleuten an den Wahlurnen.<\/p>\n<p>Aus diesem Grund der Generalsekret\u00e4r SATSE, Alejandro Laguna, Mato hat gebeten, &#8220;so das Gesetz einzuhalten und einzuberufen festgelegtem Umfang Verhandlungen zu l\u00f6sen, gemeinsam, die aktuelle Situation des nationalen Gesundheitssystems und finden L\u00f6sungen, die die Obacht, die dem B\u00fcrger zu verbessern&#8221;.<\/p>\n<p>Lagune hat dieses SATSE, V\u00edctor Aznar, erinnerte Pr\u00e4sident, neben CEMSATSE, geschickt hat Patricio Mart\u00ednez, verantwortlich f\u00fcr das Schreiben an das Ministerium, das betont, dass im Gesetz 55\/2003, der 16. Dezember, der Frame-Status der Bedienstete von Gesundheitsdiensten, sieht die Entwicklung im Bereich der Aushandlung und dieses treffen w\u00fcrdemindestens einmal im Jahr. <\/p>\n<p>Aufgrund der Do nicht Aufruf f\u00fcr das Forum der Verhandlung jahrelang die Krankenpflege Union zu Gerechtigkeit, was ihm den Grund in einem Urteil der Audiencia Nacional, der 14. April 2010 gegriffen.<\/p>\n<p>&#8220;Versteht SATSE \u00e4therische der Einberufung dieses Forums, die Arbeitsbedingungen der gesetzlichen Mitarbeiter der verschiedenen Dienste der Gesundheit zu analysieren, um ein Gesundheitswesen mit h\u00f6chster Qualit\u00e4t, schnell und effizient wie m\u00f6glich zu bieten.&#8221; &#8220;\u00c4hnlich argumentiert, dass es einen Zeitplan f\u00fcr die Sitzungen einrichten sollte, die Einigung auf die Aktionen und die notwendigen Ma\u00dfnahmen zu erm\u00f6glichen&#8221;, behaupten.<\/p>\n","protected":false},"excerpt":{"rendered":"<p>MADRID, 13 ( EUROPA PRESS) Union SATSE Krankenpflege hat beklagt, dass der Minister f\u00fcr Gesundheit, soziale Dienste und Gleichheit, Ana Mato, Ma\u00dfnahmen angek\u00fcndigt hat, die dieser Gruppe auswirken wird, ohne dass Ihre Meinung auf Projekte wie die Schaffung eines Systems der beruflichen Entwicklung in Spanien, das Management der Gesundheitsberufe oder die Entwicklung einer Plattform f\u00fcr [&hellip;]<\/p>\n","protected":false},"author":1,"featured_media":0,"comment_status":"close","ping_status":"open","sticky":false,"template":"","format":"standard","meta":{"footnotes":""},"categories":[3],"tags":[28158],"class_list":["post-16731","post","type-post","status-publish","format-standard","hentry","category-allgemeine","tag-rozwojowe","et-doesnt-have-format-content","et_post_format-et-post-format-standard"],"_links":{"self":[{"href":"https:\/\/www.best-dentist-dentistry.com\/de\/wp-json\/wp\/v2\/posts\/16731","targetHints":{"allow":["GET"]}}],"collection":[{"href":"https:\/\/www.best-dentist-dentistry.com\/de\/wp-json\/wp\/v2\/posts"}],"about":[{"href":"https:\/\/www.best-dentist-dentistry.com\/de\/wp-json\/wp\/v2\/types\/post"}],"author":[{"embeddable":true,"href":"https:\/\/www.best-dentist-dentistry.com\/de\/wp-json\/wp\/v2\/users\/1"}],"replies":[{"embeddable":true,"href":"https:\/\/www.best-dentist-dentistry.com\/de\/wp-json\/wp\/v2\/comments?post=16731"}],"version-history":[{"count":0,"href":"https:\/\/www.best-dentist-dentistry.com\/de\/wp-json\/wp\/v2\/posts\/16731\/revisions"}],"wp:attachment":[{"href":"https:\/\/www.best-dentist-dentistry.com\/de\/wp-json\/wp\/v2\/media?parent=16731"}],"wp:term":[{"taxonomy":"category","embeddable":true,"href":"https:\/\/www.best-dentist-dentistry.com\/de\/wp-json\/wp\/v2\/categories?post=16731"},{"taxonomy":"post_tag","embeddable":true,"href":"https:\/\/www.best-dentist-dentistry.com\/de\/wp-json\/wp\/v2\/tags?post=16731"}],"curies":[{"name":"wp","href":"https:\/\/api.w.org\/{rel}","templated":true}]}}