{"id":16785,"date":"2012-09-22T02:24:30","date_gmt":"2012-09-22T02:24:30","guid":{"rendered":null},"modified":"-0001-11-30T00:00:00","modified_gmt":"-0001-11-30T00:00:00","slug":"parents-requesting-the-leptin-as-a-compassionate-use-for-his-daughter-get-permissions-and-could-treat-it-in-a-week","status":"publish","type":"post","link":"https:\/\/www.best-dentist-dentistry.com\/de\/parents-requesting-the-leptin-as-a-compassionate-use-for-his-daughter-get-permissions-and-could-treat-it-in-a-week\/16785","title":{"rendered":"Eltern beantragen die Leptin als einen compassionate Use f\u00fcr seine Tochter Berechtigungen zu erhalten und konnten es in einer Woche behandeln"},"content":{"rendered":"<p class=\"first\"> Sevilla, 21 (EUROPA PRESS)<\/p>\n<p>Die Eltern von Lucia, das Sevilla-Baby leidet an einer seltenen Krankheit namens kongenitale generalisierte Lipodystrophie haben bereits alle Berechtigungen, die SAS und das Ministerium f\u00fcr Gesundheit, der Arzt der das Hospital Cl\u00ednico Universitario de Santiago de Compostela, die diesen F\u00e4llen bringt, so dass seine Tochter in diesem Galicisch Krankenhaus mit Leptin als Drogen f\u00fcr compassionate-Use verwendet behandelt werden kann.<\/p>\n<p>Gespr\u00e4ch mit Europa Press, Yolanda Morales hingewiesen Mittwoch, dass die Zulassung von der andalusischen Health Service &#8220;von Burofax Freitag, 2. M\u00e4rz, nur einen Tag nachdem wir Interpusi\u00e9ramos die Beschwerde vor dem Unterricht Nummer 5 von Sevilla durch Vernachl\u00e4ssigung im Gesundheitswesen kamen&#8221;.<\/p>\n<p>Morales, die best\u00e4tigt, dass diese Beschwerde &#8220;baut&#8221;, hat auch die Behandlung f\u00fcr Ihr Baby anvertraut, ebenso wie ein Kind von Malaga, die unter \u00e4hnlichen Umst\u00e4nden, und dass auch schon alle Berechtigungen daf\u00fcr auch hat mit Leptin als compassionate-Use behandelt ist, &#8220;von der Woche, die kommt starten kann&#8221;&#8221;, was ist, wenn sie, aus Galizien sagten soll erreichen, dass die neuen Dosen der Medikamente aus den Vereinigten Staaten&#8221;.<\/p>\n<p>Quellen im Ministerium f\u00fcr Gesundheit, die von Europa Press konsultiert haben auch best\u00e4tigt, dass SAS &#8220;letzten M\u00e4rz 2, das M\u00e4dchen von Sevilla und am 9. M\u00e4rz das Kind aus Malaga, autorisiert&#8221;, sodass sie Behandlung au\u00dferhalb Andalusien empfangen konnte, in diesen F\u00e4llen in der oben genannten Krankenhaus Galiciens.<\/p>\n<p>Auf jeden Fall diese Quellen der Gesundheit haben nun gesagt, dass, sobald die Erlaubnis, in einer anderen Community behandelt zu werden, &#8220;entspricht der Xunta de Galicia und das Gesundheitsministerium bestellt diese Zulassung&#8221;, die laut dieser Mutter Ende gewesen w\u00e4re, &#8220;da wir n\u00e4chste Woche neue U.S.-Dosen erwarten&#8221;.<\/p>\n<p>Diese Mutter hat bereits erkl\u00e4rt zur Zeit &#8220;haben kein Problem, noch das Galicische Krankenhaus Arzt des Zentrums, Dr. David Araujo,&#8221;, so dass unsere Tochter der compassionate-Use dieser Droge, die zugreifen konnte, die daran erinnert wenn diese Anfrage gebeten wurden, die ersten Tage der Behandlung w\u00e4re es in Santiago De Compostela, da das M\u00e4dchen es station\u00e4r h\u00e4tte, dieser Arzt der einzige Mensch, der wei\u00df, wie Leptin &#8220;&#8221;seine Dosis und andere; &rsquo;aber dann was dieses galizische Krankenhaus vorgeschlagen hat, ist, dass die monatliche \u00dcberwachung der unsere M\u00e4dchen im Krankenhaus Virgen del Roc\u00edo&rsquo;.<\/p>\n<p>Auf diese letzte Frage Yolanda Morales hat diesen gleichen Mittwoch gezeigt &#8220;Zweifel&#8221;, die die Beh\u00f6rden der beiden Gemeinschaften-Reichweite-Vereinbarung damit nachfolgende Erhebungen in Sevilla machen k\u00f6nnen also &#8220;Wenn wir haben immer gehen nach Galizien, tun&#8221;, hat beigelegt.<\/p>\n<p>Wie Europa Press erkl\u00e4rt diese Mutter um seine kleine Tochter, diese Behandlung mit Leptin &#8220;die physische Degeneration so gro\u00df, die Ursachen ihrer Krankheit, die Ursachen der H\u00e4nde, F\u00fc\u00dfe und JAWS, oberhalb der empfohlenen entwickeln und haben auch viele Flecken auf Hals und Achseln aufh\u00f6ren w\u00fcrde.&#8221; &#8220;Das ist Sie Control with Behandlung&#8221;. <\/p>\n","protected":false},"excerpt":{"rendered":"<p>Sevilla, 21 (EUROPA PRESS) Die Eltern von Lucia, das Sevilla-Baby leidet an einer seltenen Krankheit namens kongenitale generalisierte Lipodystrophie haben bereits alle Berechtigungen, die SAS und das Ministerium f\u00fcr Gesundheit, der Arzt der das Hospital Cl\u00ednico Universitario de Santiago de Compostela, die diesen F\u00e4llen bringt, so dass seine Tochter in diesem Galicisch Krankenhaus mit Leptin [&hellip;]<\/p>\n","protected":false},"author":1,"featured_media":0,"comment_status":"close","ping_status":"open","sticky":false,"template":"","format":"standard","meta":{"footnotes":""},"categories":[3],"tags":[28182,28181],"class_list":["post-16785","post","type-post","status-publish","format-standard","hentry","category-allgemeine","tag-beantragen","tag-tb-patienten","et-doesnt-have-format-content","et_post_format-et-post-format-standard"],"_links":{"self":[{"href":"https:\/\/www.best-dentist-dentistry.com\/de\/wp-json\/wp\/v2\/posts\/16785","targetHints":{"allow":["GET"]}}],"collection":[{"href":"https:\/\/www.best-dentist-dentistry.com\/de\/wp-json\/wp\/v2\/posts"}],"about":[{"href":"https:\/\/www.best-dentist-dentistry.com\/de\/wp-json\/wp\/v2\/types\/post"}],"author":[{"embeddable":true,"href":"https:\/\/www.best-dentist-dentistry.com\/de\/wp-json\/wp\/v2\/users\/1"}],"replies":[{"embeddable":true,"href":"https:\/\/www.best-dentist-dentistry.com\/de\/wp-json\/wp\/v2\/comments?post=16785"}],"version-history":[{"count":0,"href":"https:\/\/www.best-dentist-dentistry.com\/de\/wp-json\/wp\/v2\/posts\/16785\/revisions"}],"wp:attachment":[{"href":"https:\/\/www.best-dentist-dentistry.com\/de\/wp-json\/wp\/v2\/media?parent=16785"}],"wp:term":[{"taxonomy":"category","embeddable":true,"href":"https:\/\/www.best-dentist-dentistry.com\/de\/wp-json\/wp\/v2\/categories?post=16785"},{"taxonomy":"post_tag","embeddable":true,"href":"https:\/\/www.best-dentist-dentistry.com\/de\/wp-json\/wp\/v2\/tags?post=16785"}],"curies":[{"name":"wp","href":"https:\/\/api.w.org\/{rel}","templated":true}]}}