{"id":16823,"date":"2012-09-22T02:27:15","date_gmt":"2012-09-22T02:27:15","guid":{"rendered":null},"modified":"-0001-11-30T00:00:00","modified_gmt":"-0001-11-30T00:00:00","slug":"pope-begins-trip-to-latin-america-walking-aided-by-cane","status":"publish","type":"post","link":"https:\/\/www.best-dentist-dentistry.com\/de\/pope-begins-trip-to-latin-america-walking-aided-by-cane\/16823","title":{"rendered":"Papst beginnt die Reise nach Lateinamerika, zu Fu\u00df mit Hilfe von Zuckerrohr"},"content":{"rendered":"<p class=\"first\"> Rom (Reuters) &#8211; Papst Benedict XVI ging am Freitag in der \u00d6ffentlichkeit zum ersten Mal zu Beginn seiner Reise nach Lateinamerika, in ein Zeichen f\u00fcr seine zunehmende k\u00f6rperliche Schw\u00e4che durch einen Stock geholfen.<\/p>\n<p>Wer wird 85 Jahre alt im n\u00e4chsten Monat ging auf ein Flugzeug auf dem Flughafen Rom-Fiumicino mit einem Stock, der Vatikan Reporter begleitete ihn auf seinem Besuch in Kuba und Mexiko, sagte der Hohepriester.<\/p>\n<p>Der Papst im vergangenen Jahr begann mit eine mobile Plattform um zu vermeiden, zu viel zu Fu\u00df auf dem Altar der Basilika St. Peter.<\/p>\n<p>Der Vatikan sagte, dass der katholische F\u00fchrer der Plattform mithilfe wurde um \u00dcberm\u00fcdung zu vermeiden und gab es keine gro\u00dfen \u00fcber Ihre Gesundheit im allgemeinen Bedenken.<\/p>\n<p>Benedicto XVI 24 Stunden nach ihrer Ankunft in Mexiko von den Jetlag erholen, im Gegensatz zu den Terminkalender seines Vorg\u00e4ngers Juan Paul II bis seine Gesundheit verschlechtert, in den letzten Jahren seines Lebens ausruhen will.<\/p>\n<p>Der deutschen Papst war 78 Jahre alt, als er wurde gew\u00e4hlt, um die maximale wegen der katholischen Kirche und hat beschlossen, halten eine Agenda weniger Stress auf Ihre Gesundheit zu erhalten, w\u00e4hrend Juan Pablo II 58 zu Beginn seines Pontifikats hatte.<\/p>\n<p>Juan Pablo II, der im Jahr 2005 starb, unternahm 19 Reisen in Lateinamerika, eine Region der \u00fcberwiegend katholisch Mehrheit, das letzte von ihnen war er 82 Jahre alt.<\/p>\n<p>Die weniger aktiven Benedicto XVI, im April tritt das achte Jahr seines Pontifikats, machte seine zweite Reise nach Lateinamerika und der erste, der Spanisch sprechenden L\u00e4ndern in der Region nach dem Besuch von Brasilien 2007.<\/p>\n<p>(Bericht von Philip Pullella, geschrieben von Barry Moody.) (Ver\u00f6ffentlicht auf Spanisch von Marion Giraldo)<\/p>\n","protected":false},"excerpt":{"rendered":"<p>Rom (Reuters) &#8211; Papst Benedict XVI ging am Freitag in der \u00d6ffentlichkeit zum ersten Mal zu Beginn seiner Reise nach Lateinamerika, in ein Zeichen f\u00fcr seine zunehmende k\u00f6rperliche Schw\u00e4che durch einen Stock geholfen. Wer wird 85 Jahre alt im n\u00e4chsten Monat ging auf ein Flugzeug auf dem Flughafen Rom-Fiumicino mit einem Stock, der Vatikan Reporter [&hellip;]<\/p>\n","protected":false},"author":1,"featured_media":0,"comment_status":"close","ping_status":"open","sticky":false,"template":"","format":"standard","meta":{"footnotes":""},"categories":[3],"tags":[28191],"class_list":["post-16823","post","type-post","status-publish","format-standard","hentry","category-allgemeine","tag-zurckgewonnen","et-doesnt-have-format-content","et_post_format-et-post-format-standard"],"_links":{"self":[{"href":"https:\/\/www.best-dentist-dentistry.com\/de\/wp-json\/wp\/v2\/posts\/16823","targetHints":{"allow":["GET"]}}],"collection":[{"href":"https:\/\/www.best-dentist-dentistry.com\/de\/wp-json\/wp\/v2\/posts"}],"about":[{"href":"https:\/\/www.best-dentist-dentistry.com\/de\/wp-json\/wp\/v2\/types\/post"}],"author":[{"embeddable":true,"href":"https:\/\/www.best-dentist-dentistry.com\/de\/wp-json\/wp\/v2\/users\/1"}],"replies":[{"embeddable":true,"href":"https:\/\/www.best-dentist-dentistry.com\/de\/wp-json\/wp\/v2\/comments?post=16823"}],"version-history":[{"count":0,"href":"https:\/\/www.best-dentist-dentistry.com\/de\/wp-json\/wp\/v2\/posts\/16823\/revisions"}],"wp:attachment":[{"href":"https:\/\/www.best-dentist-dentistry.com\/de\/wp-json\/wp\/v2\/media?parent=16823"}],"wp:term":[{"taxonomy":"category","embeddable":true,"href":"https:\/\/www.best-dentist-dentistry.com\/de\/wp-json\/wp\/v2\/categories?post=16823"},{"taxonomy":"post_tag","embeddable":true,"href":"https:\/\/www.best-dentist-dentistry.com\/de\/wp-json\/wp\/v2\/tags?post=16823"}],"curies":[{"name":"wp","href":"https:\/\/api.w.org\/{rel}","templated":true}]}}