{"id":16840,"date":"2012-09-22T02:28:32","date_gmt":"2012-09-22T02:28:32","guid":{"rendered":null},"modified":"-0001-11-30T00:00:00","modified_gmt":"-0001-11-30T00:00:00","slug":"cardoso-and-villepin-asked-that-environmental-issues-be-discussed-in-the-elections","status":"publish","type":"post","link":"https:\/\/www.best-dentist-dentistry.com\/de\/cardoso-and-villepin-asked-that-environmental-issues-be-discussed-in-the-elections\/16840","title":{"rendered":"Cardoso und Villepin fragte, dass Umweltthemen in den Wahlen diskutiert werden"},"content":{"rendered":"<p class=\"first\"> Manaus (Brasilien), 23 M\u00e4r (EFE).-ehemalige brasilianische Pr\u00e4sident Fernando Henrique Cardoso und der ehemalige franz\u00f6sische Premierminister Dominique de Villepin hat heute vorgeschlagen, dass Diskussionen \u00fcber die Umwelt in Wahlk\u00e4mpfen einflie\u00dfen.<\/p>\n<p>Cardoso und Villepin sprach am zweiten Tag des dritten World Forum f\u00fcr nachhaltige Entwicklung, die morgen in den amazonischen Stadt von Manaos abschlie\u00dfen wird.<\/p>\n<p>&#8220;Jugend befasst sich mit Umweltfragen, aber politischen Parteien sind nicht sehr daran interessiert, diese Angelegenheit zu einer Wahlkampagne zu bringen&#8221;, sagte Cardoso w\u00e4hrend seiner Rede.<\/p>\n<p>Laut Cardoso, regierte Brasilien f\u00fcr zwei Amtsperioden zwischen 1995 und 2002 in die Diskussion der Umweltfragen bei Wahlkampagnen umsetzen &#8220;durchl\u00e4uft eine moralische Herausforderung&#8221;.<\/p>\n<p>&#8220;Wenn ich sage, moralische ist politisch, weil wir nach dem Kyoto-Protokoll (1997 und in Kraft seit 2005 unterzeichneten) nicht die brasilianische Demokratie auf die Bedeutung der Aufrechterhaltung des Amazonas-Regenwaldes zu Fu\u00df, \u00fcberzeugen kann&#8221;, erinnert der Soziologen und Exgobernante und.<\/p>\n<p>Cardoso auch zitiert der ehemalige amerikanische Pr\u00e4sident Bill Clinton, die &#8220;mehr wollte auch&#8221; hinsichtlich des Kyoto-Protokolls zum Klimawandel, &#8220;aber konnte nicht vorankommen in der Politik der Vereinigten Staaten&#8221;.<\/p>\n<p>&#8220;Mit dem Willen, in Brasilien gibt alle Bedingungen also, die Fortschritte in dieser Angelegenheit&#8221;, sagte der Exmandatario.<\/p>\n<p>In die gleiche Richtung, Villepin bedauert, dass das Thema nachhaltige Entwicklung nicht die meisten der Wahlen in Europa gebracht.<\/p>\n<p>&#8220;die Wahlen in Europa wurden nicht nachhaltige Entwicklung in der Debatte&#8221;. &#8220;Es war nicht in Frankreich oder in Spanien und sie m\u00fcssen nicht also in Deutschland n\u00e4chstes Jahr&#8221;, sagte.<\/p>\n<p>F\u00fcr Villepin, der Premierminister zwischen 2005 und 2007 war, der beste Weg Regierungen zu geben, mehr Aufmerksamkeit auf die Frage der Umwelt zwingen ist &#8220;\u00dcbung beliebte Druck auf die Verantwortlichen von der Abstimmung&#8221;.<\/p>\n<p>In seinem Vortrag Cardoso verwies auf die &#8220;Herausforderungen&#8221; der nachhaltigen Entwicklung und behauptete die wichtigsten von ihnen f\u00fcr Brasilien Amazonas ist.<\/p>\n<p>&#8220;Unser gr\u00f6\u00dfte Problem ist die Herausforderung der Umgang mit der Situation der W\u00e4lder, weil ich immer noch glaube, dass es m\u00f6glich ist, dass es an der gleichen Zeit Entwicklung und Achtung der Umwelt, mit M\u00f6glichkeiten f\u00fcr Menschen leben zusammen mit den Wald ohne Sie zu zerst\u00f6ren&#8221;, sagte der ehemaligen Pr\u00e4sident.<\/p>\n<p>Cardoso betrachtet das Thema als &#8220;dringend&#8221;, aber gewarnt, die &#8220;Dringlichkeit nicht im brasilianischen Leben ist und bekr\u00e4ftigt werden, nicht f\u00fcr morgen&#8221;.<\/p>\n<p>Der beiden Exgobernantes ausgedr\u00fcckt auch ihre Ansichten \u00fcber die globale Krise trifft vor allem Europa.<\/p>\n<p>Cardoso wies darauf hin, dass die Welt neue Technologien ben\u00f6tigen, und die Ausgabe des &#8220;depressiven Zyklus&#8221; nur mit einem &#8220;neuen Zyklus von Investitionen&#8221;, aber ohne hohe Wachstumsraten erreicht werden weil wirtschaftlichen Fortschritt &#8220;viele Male&#8221; nicht in die sozialen Errungenschaften widerspiegelt.<\/p>\n<p>&#8220;die gr\u00fcne Wirtschaft kann ebnen den Weg f\u00fcr die Ausfahrt aus der Krise&#8221; geschlossenen Cardoso, der in seiner Rede auf den Bau des Belo Monte hydroelektrische Einw\u00e4nde umstritten, im Herzen des Amazonas und das Kernkraftwerk Angra III, in der Bundesstaat Rio de Janeiro.<\/p>\n<p>Villepin, unterdessen vorgeschlagen &#8220;verfolgen&#8221; den Prozess der &#8220;gr\u00fcnen Wirtschaft&#8221; in USA und China, L\u00e4nder, die gezielt als gro\u00dfen Verschmutzer Umwelt-, und in anderen Nationen als ein gutes Beispiel in dieser Hinsicht, darunter Frankreich, Deutschland und Brasilien.<\/p>\n<p>Franz\u00f6sischer Politiker bezeichnet auch die UN-Konferenz Rio + Entwicklung Nachhaltige 20, die n\u00e4chsten Juni in Rio De Janeiro stattfinden wird, nach Vereinbarung werden Sie &#8220;Schwierigkeiten&#8221; mitten in einer schweren finanziellen Krise vor.<\/p>\n<p>&#8220;Wir brauchen Aktionen, die unser Engagement bei der Rio + 20, realisiert erreichen, weil wir nicht den Schwung verlieren d\u00fcrfen, ohne eine Entscheidung zu treffen,&#8221; sagte Villepin, f\u00fcr wen das Bruttoinlandsprodukt (BIP) als Faktor einer nachhaltigen Entwicklung die gr\u00fcne Wirtschaft, Gl\u00fcck und andere Indizes enthalten muss.<\/p>\n<p>&#8220;Menschheit kann zahlen einen sehr hohen Preis, wenn sie nicht die richtigen Entscheidungen nimmt,&#8221; sagte er. Waldheim Garc\u00eda Montoya<\/p>\n<p>Manaus (Brasilien), 23 M\u00e4r (EFE).-ehemalige franz\u00f6sische Premierminister Dominique de Villepin schlug heute eine &#8220;realistische&#8221; Reduzierung der globalen Abh\u00e4ngigkeit von Kernenergie in der Welt-Forum f\u00fcr nachhaltige Entwicklung einzugreifen.<\/p>\n<p>&#8220;In unserem Land, 75 % der Energie stammt aus Kernkraftwerken und nach der Katastrophe von Fukushima gab es eine wichtige Debatte&#8221;, trat im vergangenen Jahr bei eine japanische Kernkraftwerken war durch das Erdbeben am 11. M\u00e4rz in diesem Land betroffen, sagte Villepin Journalisten in den amazonischen Stadt von Manaos.<\/p>\n<p>Nach Villepin, Fukushima-Unfall f\u00fchrte zu einer Debatte in Frankreich \u00fcber die Nutzung der Kernenergie.<\/p>\n<p>&#8220;einige glauben, dass wir sollten weiterhin diese Art von Energie verwenden und andere glauben, dass wir unsere Abh\u00e4ngigkeit von anf\u00e4nglich von 75 Prozent auf 50 Prozent reduzieren m\u00fcssen&#8221;, sagte.<\/p>\n<p>Villepin darauf hingewiesen, dass die Reduzierung &#8220;realistisch&#8221; sein muss und zitiert den Fall Deutschlands, die eine Reduktion auf NULL, als Beispiel f\u00fcr den Ersatz der Kernenergie, die gr\u00fcne Energie vorschl\u00e4gt.<\/p>\n<p>&#8220;die Frage ist, wie diese \u00c4nderung in einem industrialisierten Land realistisch sein kann?&#8221; &#8220;Es ist nicht leicht, dieses Ziel zu erreichen, die kurzfristig&#8221; in Frage gestellt.<\/p>\n<p>Villepin der Auffassung, dass eine Verringerung der Abh\u00e4ngigkeit von der Kernenergie Prozess &#8220;braucht eine neue gr\u00fcne Wirtschaft&#8221;, &#8220;ein besseres Gleichgewicht zwischen Kernenergie, Elektrizit\u00e4t und neue erneuerbare Energien&#8221; erlaubt.<\/p>\n<p>&#8220;Das ist heute eine der wichtigsten Fragen, die verschiedenen globalen Interessen mitten in einer Finanzkrise und langfristige Probleme der moralischen und politischen, in Einklang zu bringen, weil die Umwelt keine Angelegenheit, die nicht auf ein einzelnes Land beschr\u00e4nkt ist&#8221; betont.<\/p>\n<p>Ist erforderlich f\u00fcr den franz\u00f6sischen Politiker, &#8220;reagieren auf die individuellen Bed\u00fcrfnisse eines jeden Landes ohne die anderen, denn es gibt Schwierigkeiten, die sofort als Entwaldung und Wassermangel konfrontiert werden m\u00fcssen&#8221;.<\/p>\n<p>&#8220;Muss akzeptieren Vielfalt und finden Tools, z. B. eine neue Agentur der Vereinten Nationen f\u00fcr nachhaltige Entwicklung&#8221;, sagte er.<\/p>\n<p>Des ehemaligen franz\u00f6sischen Ministers Dominique de Villepin. Villepin glaubt der beste Weg, um die Regierungen zu geben, mehr Aufmerksamkeit auf die Frage der Umwelt zwingen ist Druckmittel durch Abstimmung. WireImage \/<\/p>\n","protected":false},"excerpt":{"rendered":"<p>Manaus (Brasilien), 23 M\u00e4r (EFE).-ehemalige brasilianische Pr\u00e4sident Fernando Henrique Cardoso und der ehemalige franz\u00f6sische Premierminister Dominique de Villepin hat heute vorgeschlagen, dass Diskussionen \u00fcber die Umwelt in Wahlk\u00e4mpfen einflie\u00dfen. Cardoso und Villepin sprach am zweiten Tag des dritten World Forum f\u00fcr nachhaltige Entwicklung, die morgen in den amazonischen Stadt von Manaos abschlie\u00dfen wird. &#8220;Jugend befasst [&hellip;]<\/p>\n","protected":false},"author":1,"featured_media":0,"comment_status":"close","ping_status":"open","sticky":false,"template":"","format":"standard","meta":{"footnotes":""},"categories":[3],"tags":[28198,28199],"class_list":["post-16840","post","type-post","status-publish","format-standard","hentry","category-allgemeine","tag-twitterbenutzer","tag-umweltthemen","et-doesnt-have-format-content","et_post_format-et-post-format-standard"],"_links":{"self":[{"href":"https:\/\/www.best-dentist-dentistry.com\/de\/wp-json\/wp\/v2\/posts\/16840","targetHints":{"allow":["GET"]}}],"collection":[{"href":"https:\/\/www.best-dentist-dentistry.com\/de\/wp-json\/wp\/v2\/posts"}],"about":[{"href":"https:\/\/www.best-dentist-dentistry.com\/de\/wp-json\/wp\/v2\/types\/post"}],"author":[{"embeddable":true,"href":"https:\/\/www.best-dentist-dentistry.com\/de\/wp-json\/wp\/v2\/users\/1"}],"replies":[{"embeddable":true,"href":"https:\/\/www.best-dentist-dentistry.com\/de\/wp-json\/wp\/v2\/comments?post=16840"}],"version-history":[{"count":0,"href":"https:\/\/www.best-dentist-dentistry.com\/de\/wp-json\/wp\/v2\/posts\/16840\/revisions"}],"wp:attachment":[{"href":"https:\/\/www.best-dentist-dentistry.com\/de\/wp-json\/wp\/v2\/media?parent=16840"}],"wp:term":[{"taxonomy":"category","embeddable":true,"href":"https:\/\/www.best-dentist-dentistry.com\/de\/wp-json\/wp\/v2\/categories?post=16840"},{"taxonomy":"post_tag","embeddable":true,"href":"https:\/\/www.best-dentist-dentistry.com\/de\/wp-json\/wp\/v2\/tags?post=16840"}],"curies":[{"name":"wp","href":"https:\/\/api.w.org\/{rel}","templated":true}]}}