{"id":16841,"date":"2012-09-22T02:28:35","date_gmt":"2012-09-22T02:28:35","guid":{"rendered":null},"modified":"-0001-11-30T00:00:00","modified_gmt":"-0001-11-30T00:00:00","slug":"de-villepin-proposed-reducing-global-dependence-on-nuclear-energy","status":"publish","type":"post","link":"https:\/\/www.best-dentist-dentistry.com\/de\/de-villepin-proposed-reducing-global-dependence-on-nuclear-energy\/16841","title":{"rendered":"De Villepin schlug damit globale Abh\u00e4ngigkeit der Kernenergie"},"content":{"rendered":"<p class=\"first\"> Manaus (Brasilien), 23 M\u00e4r (EFE).-ehemalige franz\u00f6sische Premierminister Dominique de Villepin schlug heute eine &#8220;realistische&#8221; Reduzierung der globalen Abh\u00e4ngigkeit von Kernenergie in der Welt-Forum f\u00fcr nachhaltige Entwicklung einzugreifen.<\/p>\n<p>&#8220;In unserem Land, 75 % der Energie stammt aus Kernkraftwerken und nach der Katastrophe von Fukushima gab es eine wichtige Debatte&#8221;, trat im vergangenen Jahr bei eine japanische Kernkraftwerken war durch das Erdbeben am 11. M\u00e4rz in diesem Land betroffen, sagte Villepin Journalisten in den amazonischen Stadt von Manaos.<\/p>\n<p>Nach Villepin, Fukushima-Unfall f\u00fchrte zu einer Debatte in Frankreich \u00fcber die Nutzung der Kernenergie.<\/p>\n<p>&#8220;einige glauben, dass wir sollten weiterhin diese Art von Energie verwenden und andere glauben, dass wir unsere Abh\u00e4ngigkeit von anf\u00e4nglich von 75 Prozent auf 50 Prozent reduzieren m\u00fcssen&#8221;, sagte.<\/p>\n<p>Villepin darauf hingewiesen, dass die Reduzierung &#8220;realistisch&#8221; sein muss und zitiert den Fall Deutschlands, die eine Reduktion auf NULL, als Beispiel f\u00fcr den Ersatz der Kernenergie, die gr\u00fcne Energie vorschl\u00e4gt.<\/p>\n<p>&#8220;die Frage ist, wie diese \u00c4nderung in einem industrialisierten Land realistisch sein kann?&#8221; &#8220;Es ist nicht leicht, dieses Ziel zu erreichen, die kurzfristig&#8221; in Frage gestellt.<\/p>\n<p>Villepin der Auffassung, dass eine Verringerung der Abh\u00e4ngigkeit von der Kernenergie Prozess &#8220;braucht eine neue gr\u00fcne Wirtschaft&#8221;, &#8220;ein besseres Gleichgewicht zwischen Kernenergie, Elektrizit\u00e4t und neue erneuerbare Energien&#8221; erlaubt.<\/p>\n<p>&#8220;Das ist heute eine der wichtigsten Fragen, die verschiedenen globalen Interessen mitten in einer Finanzkrise und langfristige Probleme der moralischen und politischen, in Einklang zu bringen, weil die Umwelt keine Angelegenheit, die nicht auf ein einzelnes Land beschr\u00e4nkt ist&#8221; betont.<\/p>\n<p>Ist erforderlich f\u00fcr den franz\u00f6sischen Politiker, &#8220;reagieren auf die individuellen Bed\u00fcrfnisse eines jeden Landes ohne die anderen, denn es gibt Schwierigkeiten, die sofort als Entwaldung und Wassermangel konfrontiert werden m\u00fcssen&#8221;.<\/p>\n<p>&#8220;Muss akzeptieren Vielfalt und finden Tools, z. B. eine neue Agentur der Vereinten Nationen f\u00fcr nachhaltige Entwicklung&#8221;, sagte er.<\/p>\n<p>Ehemalige franz\u00f6sische Ministerin, warnte Dominique de Villepin, dass die Reduzierung &#8220;realistisch&#8221; sein muss und zitiert den Fall Deutschlands, die eine Reduktion auf NULL, als Beispiel f\u00fcr den Ersatz der Kernenergie durch gr\u00fcne Energie vorschl\u00e4gt. WireImage \/<\/p>\n","protected":false},"excerpt":{"rendered":"<p>Manaus (Brasilien), 23 M\u00e4r (EFE).-ehemalige franz\u00f6sische Premierminister Dominique de Villepin schlug heute eine &#8220;realistische&#8221; Reduzierung der globalen Abh\u00e4ngigkeit von Kernenergie in der Welt-Forum f\u00fcr nachhaltige Entwicklung einzugreifen. &#8220;In unserem Land, 75 % der Energie stammt aus Kernkraftwerken und nach der Katastrophe von Fukushima gab es eine wichtige Debatte&#8221;, trat im vergangenen Jahr bei eine japanische [&hellip;]<\/p>\n","protected":false},"author":1,"featured_media":0,"comment_status":"close","ping_status":"open","sticky":false,"template":"","format":"standard","meta":{"footnotes":""},"categories":[3],"tags":[28199],"class_list":["post-16841","post","type-post","status-publish","format-standard","hentry","category-allgemeine","tag-umweltthemen","et-doesnt-have-format-content","et_post_format-et-post-format-standard"],"_links":{"self":[{"href":"https:\/\/www.best-dentist-dentistry.com\/de\/wp-json\/wp\/v2\/posts\/16841","targetHints":{"allow":["GET"]}}],"collection":[{"href":"https:\/\/www.best-dentist-dentistry.com\/de\/wp-json\/wp\/v2\/posts"}],"about":[{"href":"https:\/\/www.best-dentist-dentistry.com\/de\/wp-json\/wp\/v2\/types\/post"}],"author":[{"embeddable":true,"href":"https:\/\/www.best-dentist-dentistry.com\/de\/wp-json\/wp\/v2\/users\/1"}],"replies":[{"embeddable":true,"href":"https:\/\/www.best-dentist-dentistry.com\/de\/wp-json\/wp\/v2\/comments?post=16841"}],"version-history":[{"count":0,"href":"https:\/\/www.best-dentist-dentistry.com\/de\/wp-json\/wp\/v2\/posts\/16841\/revisions"}],"wp:attachment":[{"href":"https:\/\/www.best-dentist-dentistry.com\/de\/wp-json\/wp\/v2\/media?parent=16841"}],"wp:term":[{"taxonomy":"category","embeddable":true,"href":"https:\/\/www.best-dentist-dentistry.com\/de\/wp-json\/wp\/v2\/categories?post=16841"},{"taxonomy":"post_tag","embeddable":true,"href":"https:\/\/www.best-dentist-dentistry.com\/de\/wp-json\/wp\/v2\/tags?post=16841"}],"curies":[{"name":"wp","href":"https:\/\/api.w.org\/{rel}","templated":true}]}}