{"id":16845,"date":"2012-09-22T02:28:51","date_gmt":"2012-09-22T02:28:51","guid":{"rendered":null},"modified":"-0001-11-30T00:00:00","modified_gmt":"-0001-11-30T00:00:00","slug":"asturias-returned-to-have-regional-elections","status":"publish","type":"post","link":"https:\/\/www.best-dentist-dentistry.com\/de\/asturias-returned-to-have-regional-elections\/16845","title":{"rendered":"Asturias zur\u00fcckgekehrt, um die regionale Wahlen haben"},"content":{"rendered":"<p class=\"first\"> MADRID (Reuters) &#8211; Asturien Sonntag feierte seinen zweiten Regionalwahlen in weniger als einem Jahr, nach Monaten der politischen Sackgasse, die nicht den regionalen Haushalt genehmigt worden hat.<\/p>\n<p>An einem Tag in der Medien und Beobachter konzentriert seine Aufmerksamkeit auf Landtagswahlen in Andalusien, eine traditionelle sozialistische Hochburg und wer zum ersten Mal seit der Wiederherstellung der Demokratie, eine konservative Regierung w\u00e4hlen k\u00f6nnte die asturische W\u00e4hler zur\u00fcckgegeben an die Urnen nach Monaten der Puls zwischen politischen Kr\u00e4ften.<\/p>\n<p>Spanien Norden Gemeinschaft gew\u00e4hlt, kann zuletzt mit knapper Mehrheit der Asturias-Forum-Partei, gef\u00fchrt vom ehemaligen Minister Francisco \u00c1lvarez-Cascos, wer die Partei verlie\u00df um die regionale Gruppe zu bilden. FA hat jedoch in der PP und der Sozialistischen Partei eine steife Opposition gefunden.<\/p>\n<p>Drei Formationen gescheitert erkl\u00e4ren sich damit einverstanden, auf die Haushalte in der Region, die im Januar zu Neuwahlen f\u00fchrte.<\/p>\n<p>&#8220;Abstimmung ist zu entscheiden, entscheiden den Weg in die Zukunft f\u00fcr Asturien an Fortschritt&#8221;, sagte Helme am Sonntag, als er ging morgens am Sonntag, Stimmen, in den Hinweisen von abgeholt National Radio.<\/p>\n<p>Mercedes Fern\u00e1ndez, Kandidat der PP bei diesen Wahlen zugelassen eine gewisse Nervosit\u00e4t auf das Ergebnis.<\/p>\n<p>&#8220;hat immer einen kleinen Nerven, die sonst nicht die Wahrheit sagen, die Arbeit innerhalb der Gelassenheit-Q gibt&#8221;, kommentiert. &#8220;Wir k\u00f6nnten mehr Dinge mit weniger Geld zu tun&#8221;.<\/p>\n<p>Sozialdemokratische Kandidat, Javier Fern\u00e1ndez, beschrieb den Tag als &#8220;ein gro\u00dfer Tag&#8221; f\u00fcr Abstimmung.<\/p>\n<p>Sagte &#8220;Ich hoffe, dass ein gro\u00dfer Tag f\u00fcr asturische Demokratie,&#8221;.<\/p>\n<p>Jedoch auf 14:00 nachmittags nur 26,60 Prozent der W\u00e4hler ihr Wahlrecht, unterhalb der 34.99 registriert gleichzeitig bei den Wahlen im Mai ausge\u00fcbt hatte. Dies k\u00f6nnte darauf hinweisen, dass einen R\u00fcckgang im Interesse der asturischen diejenigen, obwohl die \u00c4nderung nach DST, wer vor einer Stunde in den fr\u00fchen Morgenstunden des Sonntags-Uhren, die Variation beeinflusst haben k\u00f6nnte.<\/p>\n","protected":false},"excerpt":{"rendered":"<p>MADRID (Reuters) &#8211; Asturien Sonntag feierte seinen zweiten Regionalwahlen in weniger als einem Jahr, nach Monaten der politischen Sackgasse, die nicht den regionalen Haushalt genehmigt worden hat. An einem Tag in der Medien und Beobachter konzentriert seine Aufmerksamkeit auf Landtagswahlen in Andalusien, eine traditionelle sozialistische Hochburg und wer zum ersten Mal seit der Wiederherstellung der [&hellip;]<\/p>\n","protected":false},"author":1,"featured_media":0,"comment_status":"close","ping_status":"open","sticky":false,"template":"","format":"standard","meta":{"footnotes":""},"categories":[3],"tags":[28201],"class_list":["post-16845","post","type-post","status-publish","format-standard","hentry","category-allgemeine","tag-depression-elektrotherapie","et-doesnt-have-format-content","et_post_format-et-post-format-standard"],"_links":{"self":[{"href":"https:\/\/www.best-dentist-dentistry.com\/de\/wp-json\/wp\/v2\/posts\/16845","targetHints":{"allow":["GET"]}}],"collection":[{"href":"https:\/\/www.best-dentist-dentistry.com\/de\/wp-json\/wp\/v2\/posts"}],"about":[{"href":"https:\/\/www.best-dentist-dentistry.com\/de\/wp-json\/wp\/v2\/types\/post"}],"author":[{"embeddable":true,"href":"https:\/\/www.best-dentist-dentistry.com\/de\/wp-json\/wp\/v2\/users\/1"}],"replies":[{"embeddable":true,"href":"https:\/\/www.best-dentist-dentistry.com\/de\/wp-json\/wp\/v2\/comments?post=16845"}],"version-history":[{"count":0,"href":"https:\/\/www.best-dentist-dentistry.com\/de\/wp-json\/wp\/v2\/posts\/16845\/revisions"}],"wp:attachment":[{"href":"https:\/\/www.best-dentist-dentistry.com\/de\/wp-json\/wp\/v2\/media?parent=16845"}],"wp:term":[{"taxonomy":"category","embeddable":true,"href":"https:\/\/www.best-dentist-dentistry.com\/de\/wp-json\/wp\/v2\/categories?post=16845"},{"taxonomy":"post_tag","embeddable":true,"href":"https:\/\/www.best-dentist-dentistry.com\/de\/wp-json\/wp\/v2\/tags?post=16845"}],"curies":[{"name":"wp","href":"https:\/\/api.w.org\/{rel}","templated":true}]}}