{"id":16868,"date":"2012-09-22T02:30:34","date_gmt":"2012-09-22T02:30:34","guid":{"rendered":null},"modified":"-0001-11-30T00:00:00","modified_gmt":"-0001-11-30T00:00:00","slug":"the-pope-paid-tribute-to-patroness-of-cuba-to-call-for-faith-and-changes","status":"publish","type":"post","link":"https:\/\/www.best-dentist-dentistry.com\/de\/the-pope-paid-tribute-to-patroness-of-cuba-to-call-for-faith-and-changes\/16868","title":{"rendered":"Der Papst w\u00fcrdigte Schutzpatronin Kubas f\u00fcr den Glauben und \u00c4nderungen aufrufen"},"content":{"rendered":"<p class=\"first\"> EL COBRE, Kuba (Reuters) &#8211; Papst Benedict XVI wird am Dienstag besuchen das Heiligtum von El Cobre, einer kleinen Stadt Santiago De Cuba, die Heimat der Virgen De La Caridad, ein nationales Symbol, die St\u00e4rke der Kirche auf eine gr\u00f6\u00dfere Rolle in der Mitte die Transformationen mit Blick auf die sozialistische Nation Gebot gegeben hat.<\/p>\n<p>Der Heilige Vater fragte Kubaner w\u00e4hrend seiner stark besuchte Messe am Montag in Santiago, eine neue Gesellschaft bauen, &#8220;offen und fair&#8221; erste Station auf einer Reise von drei Tagen, dass viele Menschen erwarten, gr\u00f6\u00dfere Offenheit der Regierung sensibel wie Menschenrechte und politischen Freiheiten diskutieren generieren.<\/p>\n<p>&#8220;Im Zuge von so vielen Pilgern, auch ich m\u00f6chte zum Kupfer ich niederwerfen zu F\u00fc\u00dfen der Mutter Gottes (und) bitten, ihre F\u00fcrsprache f\u00fcr die Leitung der Schicksale dieser geliebten Nation durch die Pfade von Gerechtigkeit, Frieden, Freiheit und Vers\u00f6hnung zu gehen&#8221;, sagte nach seiner Ankunft in dem Land nach einem Besuch in Mexiko.<\/p>\n<p>Im vergangenen Jahr die Prozession der ein Replikat des Bildes auf der ganzen Insel wiederbelebt glauben in einem Land, das offiziell Atheist bis 1992 und f\u00fchrte zu den Besuch des Papstes 14 Jahre nachdem Juan Pablo II erweicht die feindselige Beziehung, die zwischen der Kirche und der Regierung seit dem Triumph der Revolution 1959 existierte.<\/p>\n<p>Pilgerreise zu feiern Jubil\u00e4um Anzahlder 400 sein Fund im Meer einige Fischer zog Hunderttausende Anh\u00e4nger, die sowohl die katholischen als auch die Santer\u00eda, eine Spiritualit\u00e4t der afrikanischen Wurzeln, bekannt als Och\u00fan, die G\u00f6ttin der Liebe.<\/p>\n<p>War aber auch ein Beispiel f\u00fcr den wachsenden Einfluss der Kirche in Kuba, das seit dem Besuch des polnischen Papstes der einflussreichsten Institution nach der Kommunist geworden &#8211; nur legal im Land- und wichtigsten Gespr\u00e4chspartner der Regierung bei sensiblen Themen wie Dissidentengruppen.<\/p>\n<p>Essential-Kirche<\/p>\n<p>Der Papst wird einen privaten Besuch am Morgen nach dem Aufenthalt in einer Residenz in der N\u00e4he der Schrein und f\u00e4hrt sp\u00e4ter in Havanna Treffen mit Pr\u00e4sident Ra\u00fal Castro.<\/p>\n<p>Dar\u00fcber hinaus finden Sie den Kopf des Vatikan-Staates mit Fidel Castro, F\u00fchrer der Revolution, und seine venezolanische ally Hugo Ch\u00e1vez, der in Kuba mit Strahlentherapie behandelt werden ist der Krebs, der im vergangenen Jahr diagnostiziert wurde.<\/p>\n<p>Aber es ist nicht beabsichtigt, Publikum zu Oppositionsgruppen, geben sich beschweren, dass die Beh\u00f6rden seine Heiligkeit eine verzerrte Realit\u00e4t zeigen w\u00e4hrend die Regierung, die sie im Sold der USA, das Land zu destabilisieren, beschuldigen.<\/p>\n<p>Der Bischof von Rom moderiert seine Rede nach vorne Kommentare, die seine Ankunft voraus, \u00fcber das Scheitern des Kommunismus in Kuba, aber gepflegt seine Ansicht, dass das Land braucht neue Wege und Modelle voranzubringen und die Kirche bereit ist zu helfen, wenn sie verlassen.<\/p>\n<p>&#8220;Es gibt viele Aspekte, die k\u00f6nnen und m\u00fcssen nach vorne, vor allem zu den wesentlichen Beitrag, die die Religion zu berufen ist in der \u00d6ffentlichkeit der Gesellschaft zu spielen&#8221;, sagte den Papst, der auch die 50 Jahren des Wirtschaftsembargos Auswirkungen auf Kuba USA kritisiert hat.<\/p>\n<p>Da \u00fcbernahm er offiziell die Pr\u00e4sidentschaft in 2008 nach dem R\u00fccktritt seines Bruders f\u00fcr Gesundheit Gr\u00fcnde, Ra\u00fal Castro hat Reformen, um die Wirtschaft zu beleben, ohne Verzicht auf die marxistische Ideologie, Generierung von Erwartungen und \u00c4ngste in einem Land, das seit Jahrzehnten zu den Zentralismus der Sowjet-Stil gew\u00f6hnt.<\/p>\n<p>Mehr als RELIGION<\/p>\n<p>La Virgen De La Caridad ist eine Ikone, die Religion \u00fcbersteigt: von den ersten kubanischen Nationalisten verehrt, sein Bild begleitet viele von den Rebellen, die in der Sierra Maestra, gef\u00fchrt von Fidel Castro und Ernesto &#8220;Che&#8221; Guevara Gesicht und Sturz des Diktators Fulgencio Batista in den 1950er Jahren.<\/p>\n<p>Die Mutter von Fidel und Raul, die Br\u00fcder, die das Schicksal des Landes seit mehr als f\u00fcnfzig Jahren gerichtet verlie\u00df ein paar kleine Figuren Gold ihrer Kinder die N\u00e4chstenliebe f\u00fcr den Sieg der Rebellen Fragen.<\/p>\n<p>Ernest Hemingway spendete die Virgin-Medaille der Nobelpreis f\u00fcr Literatur 1954 gewann, obwohl Sie nicht mehr auf dem Display sind, da er ein paar Tage im Jahr 1986 &#8220;verschwunden&#8221;.<\/p>\n<p>In der bescheidenen Heiligtum des El Cobre, der Papst werden nationale Verehrung zu dieser Bef\u00fcrwortung der Jungfrau, wo jedes Jahr Tausende Kubaner kommen um Gef\u00e4lligkeiten aller Art, Krankheiten, erhalten ein Visum f\u00fcr Reisen ins Ausland, bitten oder danken Ihre F\u00fcrbitte in schwierigen Zeiten zeugen.<\/p>\n<p>&#8220;Danke liebe Mutter (Virgin) f\u00fcr alles, was Sie mir gegeben haben.&#8221; &#8220;Bitte, helfen Sie mir bald zusammen mit der Familie zu sein&#8221;, schrieb eine ehemalige Armee-Kapit\u00e4n, w\u00e4hrend er seine kostbare Grad in der Kapelle der Angebote am Tag vor dem Papstbesuch hinterlegt.<\/p>\n<p>Troph\u00e4en, Medaillen, Karnevalsmasken, Rollst\u00fchle, Baseball, Sperren von Haaren und B\u00e4lle bis Bier Dosen schm\u00fccken den Altar der kleinen Bildnis.<\/p>\n<p>&#8220;Dies ist eine besondere Hingabe, Spiritualismus und von Santeria Praxis.&#8221; &#8220;Und ist ein Weg, die Angst, diese religi\u00f6sen Praktiken zu verlieren&#8221;, sagte der Nachrichtenagentur Reuters den Priester des Schreins, Jorge Palma, auf ein Land wo vermehren den religi\u00f6sen Synkretismus nach jahrelanger Antiklerikalismus.<\/p>\n<p>(Zus\u00e4tzliche Bericht von Enrique Andr\u00e9s Pretel.) (Herausgegeben von Silene Ramirez)<\/p>\n","protected":false},"excerpt":{"rendered":"<p>EL COBRE, Kuba (Reuters) &#8211; Papst Benedict XVI wird am Dienstag besuchen das Heiligtum von El Cobre, einer kleinen Stadt Santiago De Cuba, die Heimat der Virgen De La Caridad, ein nationales Symbol, die St\u00e4rke der Kirche auf eine gr\u00f6\u00dfere Rolle in der Mitte die Transformationen mit Blick auf die sozialistische Nation Gebot gegeben hat. [&hellip;]<\/p>\n","protected":false},"author":1,"featured_media":0,"comment_status":"close","ping_status":"open","sticky":false,"template":"","format":"standard","meta":{"footnotes":""},"categories":[3],"tags":[28212,28211],"class_list":["post-16868","post","type-post","status-publish","format-standard","hentry","category-allgemeine","tag-schutzpatronin","tag-wirtschaftsprfer","et-doesnt-have-format-content","et_post_format-et-post-format-standard"],"_links":{"self":[{"href":"https:\/\/www.best-dentist-dentistry.com\/de\/wp-json\/wp\/v2\/posts\/16868","targetHints":{"allow":["GET"]}}],"collection":[{"href":"https:\/\/www.best-dentist-dentistry.com\/de\/wp-json\/wp\/v2\/posts"}],"about":[{"href":"https:\/\/www.best-dentist-dentistry.com\/de\/wp-json\/wp\/v2\/types\/post"}],"author":[{"embeddable":true,"href":"https:\/\/www.best-dentist-dentistry.com\/de\/wp-json\/wp\/v2\/users\/1"}],"replies":[{"embeddable":true,"href":"https:\/\/www.best-dentist-dentistry.com\/de\/wp-json\/wp\/v2\/comments?post=16868"}],"version-history":[{"count":0,"href":"https:\/\/www.best-dentist-dentistry.com\/de\/wp-json\/wp\/v2\/posts\/16868\/revisions"}],"wp:attachment":[{"href":"https:\/\/www.best-dentist-dentistry.com\/de\/wp-json\/wp\/v2\/media?parent=16868"}],"wp:term":[{"taxonomy":"category","embeddable":true,"href":"https:\/\/www.best-dentist-dentistry.com\/de\/wp-json\/wp\/v2\/categories?post=16868"},{"taxonomy":"post_tag","embeddable":true,"href":"https:\/\/www.best-dentist-dentistry.com\/de\/wp-json\/wp\/v2\/tags?post=16868"}],"curies":[{"name":"wp","href":"https:\/\/api.w.org\/{rel}","templated":true}]}}