{"id":1687,"date":"2013-12-24T11:10:14","date_gmt":"2013-12-24T11:10:14","guid":{"rendered":null},"modified":"2013-12-24T11:10:14","modified_gmt":"2013-12-24T11:10:14","slug":"the-medical-organizations-of-spain-france-italy-and-portugal-open-brussels-office","status":"publish","type":"post","link":"https:\/\/www.best-dentist-dentistry.com\/de\/the-medical-organizations-of-spain-france-italy-and-portugal-open-brussels-office\/1687","title":{"rendered":"Die medizinischen Organisationen von Spanien, Frankreich, Italien und Portugal \u00f6ffnen B\u00fcro Br\u00fcssel"},"content":{"rendered":"<p><font   size=\"2\"> <strong><font size=\"3\"> Las medizinische Organisationen von Spanien, Frankreich, Italien und Portugal \u00f6ffnen Br\u00fcsseler B\u00fcro<\/font> <\/p>\n<p> die Pr\u00e4sidenten der medizinischen studentische Organisationen der Spanien, Frankreich, Italien und Portugal werden ein B\u00fcro in Br\u00fcssel ge\u00f6ffnet, mit dem Ziel der St\u00e4rkung ihrer Darstellung an die Institutionen Europ\u00e4ische. <\/p>\n<p> Spanien, 2011-September<\/strong> medizinischen Vertreter der 4 L\u00e4nder hat diese Entscheidung im Rahmen eine Einigung in Paris die ein B\u00fcro in Br\u00fcssel ab 1. Oktober, mit dem Ziel der St\u00e4rkung der Vertretung der EU-Institutionen, \u00f6ffnet teilen die Richtlinienaktionen, die entscheiden und den Austausch von Informationen. <\/p>\n<p>Nahm an dem Treffen, das am Sitz des Nationalrates der medizinischen Bestellung Frankreichs, in Paris, von Spanien, der Pr\u00e4sident des Medical College, Dr. Juan Jos\u00e9 Rodr\u00edguez Send\u00edn gehalten wurde; Michel Legman, Pr\u00e4sident des Nationalrates der Frankreich-\u00c4rzte-Bestellung; der Pr\u00e4sident der nationalen F\u00f6deration der \u00c4rzte, Chirurgen und Zahn\u00e4rzte von Italien, Amedeo Bianco; und der Pr\u00e4sident der \u00c4rzte von Portugal, Pedro Silva. <\/p>\n<p>Der Vorsitzende der WTO, Juan Jos\u00e9 Rodr\u00edguez Send\u00edn, erkl\u00e4rt, die  sind sich bewusst, dass Fortschritte in neuen Strukturen des Dialogs der \u00c4rzte in Europa auf die politische Realit\u00e4t, mit einem gemeinsamen Parlament, weil bis jetzt wir gehandelt, als w\u00e4ren wir noch das Europa der Nationen &#8221;. <\/p>\n<p>  Sind vielf\u00e4ltig &#8211; sagt &#8211; medizinische Organisationen verweisen in Europa (der Europ\u00e4ische Rat von medizinischen Organisationen, der Europ\u00e4ischen Union von \u00c4rzten der Familie und der Europ\u00e4ischen Union der Fach\u00e4rzte, sind drei der acht europ\u00e4ischen Organisationen) und es gibt wenig koordiniert. Warum diese Initiative haben wir uns verpflichtet, die medizinischen studentische Organisationen von Spanien, Frankreich, Italien und Portugal, zielt darauf ab, aus der Verh\u00e4ltnism\u00e4\u00dfigkeit, koordinieren Vertretung vor den europ\u00e4ischen Institutionen zur Teilnahme an allen Fragen, die f\u00fcr die Gesundheit, die uns betreffen &#8221;. <\/p>\n<p>Einer der fr\u00fchesten Auftritte dieser Initiative der medizinischen studentische Organisationen der Spanien, Frankreich, Italien und Portugal wird Treffen mit dem Europ\u00e4ischen Parlament verantwortlich f\u00fcr Fragen der Gesundheit aus\u00fcben. <\/p>\n<p><\/font><\/p>\n","protected":false},"excerpt":{"rendered":"<p>Las medizinische Organisationen von Spanien, Frankreich, Italien und Portugal \u00f6ffnen Br\u00fcsseler B\u00fcro die Pr\u00e4sidenten der medizinischen studentische Organisationen der Spanien, Frankreich, Italien und Portugal werden ein B\u00fcro in Br\u00fcssel ge\u00f6ffnet, mit dem Ziel der St\u00e4rkung ihrer Darstellung an die Institutionen Europ\u00e4ische. Spanien, 2011-September medizinischen Vertreter der 4 L\u00e4nder hat diese Entscheidung im Rahmen eine Einigung [&hellip;]<\/p>\n","protected":false},"author":1,"featured_media":0,"comment_status":"close","ping_status":"open","sticky":false,"template":"","format":"standard","meta":{"footnotes":""},"categories":[3],"tags":[6528,6529,6530,6534,6533,6525,6526,6527,6531,6532],"class_list":["post-1687","post","type-post","status-publish","format-standard","hentry","category-allgemeine","tag-bro","tag-brssel","tag-brsseler","tag-europische","tag-geffnet","tag-gesundheitssystem","tag-italien","tag-portugal","tag-prsidenten","tag-studentische","et-doesnt-have-format-content","et_post_format-et-post-format-standard"],"_links":{"self":[{"href":"https:\/\/www.best-dentist-dentistry.com\/de\/wp-json\/wp\/v2\/posts\/1687","targetHints":{"allow":["GET"]}}],"collection":[{"href":"https:\/\/www.best-dentist-dentistry.com\/de\/wp-json\/wp\/v2\/posts"}],"about":[{"href":"https:\/\/www.best-dentist-dentistry.com\/de\/wp-json\/wp\/v2\/types\/post"}],"author":[{"embeddable":true,"href":"https:\/\/www.best-dentist-dentistry.com\/de\/wp-json\/wp\/v2\/users\/1"}],"replies":[{"embeddable":true,"href":"https:\/\/www.best-dentist-dentistry.com\/de\/wp-json\/wp\/v2\/comments?post=1687"}],"version-history":[{"count":0,"href":"https:\/\/www.best-dentist-dentistry.com\/de\/wp-json\/wp\/v2\/posts\/1687\/revisions"}],"wp:attachment":[{"href":"https:\/\/www.best-dentist-dentistry.com\/de\/wp-json\/wp\/v2\/media?parent=1687"}],"wp:term":[{"taxonomy":"category","embeddable":true,"href":"https:\/\/www.best-dentist-dentistry.com\/de\/wp-json\/wp\/v2\/categories?post=1687"},{"taxonomy":"post_tag","embeddable":true,"href":"https:\/\/www.best-dentist-dentistry.com\/de\/wp-json\/wp\/v2\/tags?post=1687"}],"curies":[{"name":"wp","href":"https:\/\/api.w.org\/{rel}","templated":true}]}}