{"id":16876,"date":"2012-09-22T02:31:22","date_gmt":"2012-09-22T02:31:22","guid":{"rendered":null},"modified":"-0001-11-30T00:00:00","modified_gmt":"-0001-11-30T00:00:00","slug":"employers-of-private-clinics-ensures-that-the-day-was-calm-and-no-incidents-reported","status":"publish","type":"post","link":"https:\/\/www.best-dentist-dentistry.com\/de\/employers-of-private-clinics-ensures-that-the-day-was-calm-and-no-incidents-reported\/16876","title":{"rendered":"employers of private clinics ensures that the day was calm and no incidents reported"},"content":{"rendered":"<p class=\"first\"> <span class=\"yshortcuts\" id=\"lw_1333026324_0\"> MADRID<\/span>, 29 (<span class=\"yshortcuts\" id=\"lw_1333026324_1\"> EUROPA PRESS<\/span>)<\/p>\n<p><span class=\"yshortcuts\" id=\"lw_1333026324_2\"> Federation<\/span> national <span class=\"yshortcuts\" id=\"lw_1333026324_3\"> Privatkliniken<\/span> (<span class=\"yshortcuts\" id=\"lw_1333026324_4\"> FNCP<\/span>) gew\u00e4hrleistet, dass <span class=\"yshortcuts\" id=\"lw_1333026324_5\"> der Tag<\/span> der Streik vergangen &#8220;leise&#8221; und &#8220;ohne <span class=\"yshortcuts\"id=\"lw_1333026324_6\"> Zwischenfall<\/span> gemeldet&#8221; durch seine Partner, die nur ihnen damit <span class=\"yshortcuts\" id=\"lw_1333026324_7\"> Zweifel<\/span> oder <span class=\"yshortcuts\" id=\"lw_1333026324_8\"> rechtliche Beratungen<\/span> \u00fcber Arbeitnehmer, die sich genannt haben, sie zu Europa Press von Arbeitgebern, haben darauf hingewiesen, die Morgen erwartet, mit Informationen \u00fcber die Folgema\u00dfnahmen zu.<\/p>\n<p>W\u00e4hrend der Woche, hat dieser Arbeitgeber ihre Ablehnung des Aufrufs zum Generalstreik gezeigt, es ist ein Ma\u00df f\u00fcr die schwere wirtschaftliche Sch\u00e4den &#8220;politischen Druck gegen die Regierung und der Kongress der Abgeordneten der Arbeitgeber, verursacht wirklich betroffen sind&#8221; die &#8220;die Krise versch\u00e4rfen.<\/p>\n<p>Der F\u00f6deration &#8220;die Reform der Arbeit, das Streikrecht f\u00fchrte versucht, Antworten auf die gro\u00dfen Probleme, die der spanischen Arbeitsmarkt ziehen seit Jahrzehnten und verringert nicht die Arbeitnehmerrechte aller Arbeitnehmer, aber tr\u00e4gt zur Steigerung der Produktivit\u00e4t und Wettbewerbsf\u00e4higkeit von spanischen Gesellschaften&#8221;.<\/p>\n<p>Kliniken, Krankenh\u00e4usern und privaten klinische Labors hatten die \u00fcbliche Vorlage f\u00fcr ein festliches, einschlie\u00dflich Tag Onkologie (Strahlentherapie und Chemotherapie) Behandlungen und Dialyse w\u00e4hrend des Tages Streik.<\/p>\n<p>So vereinbart es den FNCP und Vertretern der Comisiones Obreras und UGT, so dass die Mindestleistungen, die in diesen Zentren angeboten werden die Aufrechterhaltung der grundlegenden Zivildienstes &#8220;sicherzustellen konnte&#8221;.<\/p>\n<p>Jedoch solche Abkommen nicht ersetzt, die in jeder Gemeinde ans\u00e4ssig sind, nur f\u00fcr diejenigen in denen es keine etablierten Mindestleistungen durchsetzen.<\/p>\n","protected":false},"excerpt":{"rendered":"<p>MADRID, 29 ( EUROPA PRESS) Federation national Privatkliniken ( FNCP) gew\u00e4hrleistet, dass der Tag der Streik vergangen &#8220;leise&#8221; und &#8220;ohne Zwischenfall gemeldet&#8221; durch seine Partner, die nur ihnen damit Zweifel oder rechtliche Beratungen \u00fcber Arbeitnehmer, die sich genannt haben, sie zu Europa Press von Arbeitgebern, haben darauf hingewiesen, die Morgen erwartet, mit Informationen \u00fcber die [&hellip;]<\/p>\n","protected":false},"author":1,"featured_media":0,"comment_status":"close","ping_status":"open","sticky":false,"template":"","format":"standard","meta":{"footnotes":""},"categories":[3],"tags":[28218],"class_list":["post-16876","post","type-post","status-publish","format-standard","hentry","category-allgemeine","tag-feuerlschpulver","et-doesnt-have-format-content","et_post_format-et-post-format-standard"],"_links":{"self":[{"href":"https:\/\/www.best-dentist-dentistry.com\/de\/wp-json\/wp\/v2\/posts\/16876","targetHints":{"allow":["GET"]}}],"collection":[{"href":"https:\/\/www.best-dentist-dentistry.com\/de\/wp-json\/wp\/v2\/posts"}],"about":[{"href":"https:\/\/www.best-dentist-dentistry.com\/de\/wp-json\/wp\/v2\/types\/post"}],"author":[{"embeddable":true,"href":"https:\/\/www.best-dentist-dentistry.com\/de\/wp-json\/wp\/v2\/users\/1"}],"replies":[{"embeddable":true,"href":"https:\/\/www.best-dentist-dentistry.com\/de\/wp-json\/wp\/v2\/comments?post=16876"}],"version-history":[{"count":0,"href":"https:\/\/www.best-dentist-dentistry.com\/de\/wp-json\/wp\/v2\/posts\/16876\/revisions"}],"wp:attachment":[{"href":"https:\/\/www.best-dentist-dentistry.com\/de\/wp-json\/wp\/v2\/media?parent=16876"}],"wp:term":[{"taxonomy":"category","embeddable":true,"href":"https:\/\/www.best-dentist-dentistry.com\/de\/wp-json\/wp\/v2\/categories?post=16876"},{"taxonomy":"post_tag","embeddable":true,"href":"https:\/\/www.best-dentist-dentistry.com\/de\/wp-json\/wp\/v2\/tags?post=16876"}],"curies":[{"name":"wp","href":"https:\/\/api.w.org\/{rel}","templated":true}]}}