{"id":16910,"date":"2012-09-22T02:35:26","date_gmt":"2012-09-22T02:35:26","guid":{"rendered":null},"modified":"-0001-11-30T00:00:00","modified_gmt":"-0001-11-30T00:00:00","slug":"experts-dont-see-drugs-necessary-to-deal-with-the-spring-asthenia","status":"publish","type":"post","link":"https:\/\/www.best-dentist-dentistry.com\/de\/experts-dont-see-drugs-necessary-to-deal-with-the-spring-asthenia\/16910","title":{"rendered":"Experten sehen nicht Drogen notwendig zur Bew\u00e4ltigung der Fr\u00fchling Asthenie"},"content":{"rendered":"<p class=\"first\"> <span class=\"yshortcuts\" id=\"lw_1333878757_0\"> MADRID<\/span>, 8 (<span class=\"yshortcuts\" id=\"lw_1333878757_1\"> EUROPA PRESS<\/span>)<\/p>\n<p><span class=\"yshortcuts\" id=\"lw_1333878757_2\"> Experten<\/span> nicht notwendige Medikamenten gegen Fr\u00fchjahr <span class=\"yshortcuts\" id=\"lw_1333878757_3\"> Asthenie<\/span>, zu sehen, wie er erkl\u00e4rte, der <span class=\"yshortcuts\" id=\"lw_1333878757_4\"> Sekret\u00e4r<\/span> der <span class=\"yshortcuts\" id=\"lw_1333878757_5\"> spanischen Gesellschaft<\/span> f\u00fcr Medizin der Familie und der Gemeinschaft (SemFYC), Arzt Salvador Tranche, die sicherstellt, dass diese St\u00f6rung &#8220;in wenigen Tagen und ohne Komplikationen&#8221; aufgel\u00f6st wird.<\/p>\n<p>Dar\u00fcber hinaus der Auffassung, dass &#8220;keine Beweise als klinische Entit\u00e4t existiert&#8221;, was &#8220;keine Krankheit an sich&#8221; ist. Nach eigenem Ermessen den Fr\u00fchling Asthenie &#8220;ist eine kleine Adaptive Erkrankung, die Station und Zeit zu \u00e4ndern und die Zunahme der Leuchtkraft motiviert&#8221;.<\/p>\n<p>Daher Tranche hat Reuters berichtet, dass &#8220;Es ist nicht sehr wichtig.&#8221; &#8220;\u00dcbergeben wird,&#8221; hei\u00dft es. Wie f\u00fcr die Ver\u00e4nderungen, die in den betroffenen auftreten k\u00f6nnen, weist darauf hin, dass diese &#8220;kleinen&#8221; und &#8220;eine physische und psychische Komponente&#8221;.<\/p>\n<p>Der ersten sind auf &#8220;M\u00fcdigkeit und Schlafst\u00f6rungen,&#8221; konzentriert, w\u00e4hrend die psychische entstehen durch die Ver\u00e4nderung der Temperatur, seit &#8220;die Hitze kann ein bisschen \u00e4ndern&#8221; und die Leuchtkraft. &#8220;Licht ist ein Stimulans, aber manche Leute k\u00f6nnen sie produzieren Reizbarkeit und Mangel an Initiative, betont die Galen.<\/p>\n<p>El Arzt Tranche keine spezifische Erkl\u00e4rung f\u00fcr die Tatsache, dass diese St\u00f6rung, zu dieser Zeit des Jahres Auftritt zu finden. Seiner Ansicht nach w\u00e4re&#8221;es logisch, dass es tritt auf, wenn Licht wird reduziert, aber es hier umgekehrt passiert&#8221;. Deshalb h\u00e4lt es als ob der K\u00f6rper au\u00dferhalb &#8220;Desacompasado&#8221;.<\/p>\n<p>Zunehmend wirkt weniger Menschen, die Frauen, die mehr<\/p>\n<p>Ja allerdings best\u00e4tigt die Tatsache, das der Fr\u00fchling Asthenie &#8220;meist betrifft Frauen&#8221;, aber keine Antwort auf diese Situation. Also ja glaube eine L\u00f6sung f\u00fcr die Tatsache, dass diese Erkrankung immer weniger Menschen betroffen sind. Seiner Meinung nach ist diese Situation aufgrund der Krise, dass &#8220;die Menschen sind mehr Sorgen um andere Dinge.&#8221; &#8220;Asthenie ist ein kleines Problem,&#8221; Satz.<\/p>\n<p>Kurz, argumentiert dass diese Ver\u00e4nderung nur sehr wenige Menschen &#8220;ber\u00fchrt&#8221;, selbst Patienten mehr die Anfrage &#8220;an Bedingungen wie An\u00e4mie oder ein bedr\u00fcckendes Bild auszuschlie\u00dfen&#8221; teilnehmen. In Bezug auf Letztere entsprechen Sie Tranche warnt, dass in seinem milden Niveau die Symptome der &#8220;Schlafst\u00f6rungen, mangelnde Begeisterung und Initiative, Traurigkeit und M\u00fcdigkeit&#8221;. Jedoch h\u00e4lt die akute Depression unverwechselbaren weil Symptome &#8220;mehr schweren und ernsten sind&#8221;.<\/p>\n<p>Sichert schlie\u00dflich der Vertreter der SemFYC dieses Fr\u00fchjahr Asthenie &#8220;schlie\u00dft kein normales Leben, au\u00dfer wenn es ist langlebig und wird begleitet von gemeinsamen Schmerz und einen allgemeineren Effekt&#8221;. Seiner Meinung nach &#8220;Du bist m\u00fcder und langsamer, aber nicht behinderten&#8221;.<\/p>\n<p>Zu bek\u00e4mpfen, schl\u00e4gt vor, das Rezept ist &#8220;keep eine Schlaf-Hygiene ruhelosigkeit 7 oder 8 Stunden in der Nacht, nach einem regelm\u00e4\u00dfigen Zeitplan von Mahlzeiten und \u00dcbung.&#8221; &#8220;\u00dcben einen gesunden Lebensstil ist das einzige, was werden getan muss,&#8221; schlie\u00dft Dr. Tranche.<\/p>\n","protected":false},"excerpt":{"rendered":"<p>MADRID, 8 ( EUROPA PRESS) Experten nicht notwendige Medikamenten gegen Fr\u00fchjahr Asthenie, zu sehen, wie er erkl\u00e4rte, der Sekret\u00e4r der spanischen Gesellschaft f\u00fcr Medizin der Familie und der Gemeinschaft (SemFYC), Arzt Salvador Tranche, die sicherstellt, dass diese St\u00f6rung &#8220;in wenigen Tagen und ohne Komplikationen&#8221; aufgel\u00f6st wird. Dar\u00fcber hinaus der Auffassung, dass &#8220;keine Beweise als klinische [&hellip;]<\/p>\n","protected":false},"author":1,"featured_media":0,"comment_status":"close","ping_status":"open","sticky":false,"template":"","format":"standard","meta":{"footnotes":""},"categories":[3],"tags":[],"class_list":["post-16910","post","type-post","status-publish","format-standard","hentry","category-allgemeine","et-doesnt-have-format-content","et_post_format-et-post-format-standard"],"_links":{"self":[{"href":"https:\/\/www.best-dentist-dentistry.com\/de\/wp-json\/wp\/v2\/posts\/16910","targetHints":{"allow":["GET"]}}],"collection":[{"href":"https:\/\/www.best-dentist-dentistry.com\/de\/wp-json\/wp\/v2\/posts"}],"about":[{"href":"https:\/\/www.best-dentist-dentistry.com\/de\/wp-json\/wp\/v2\/types\/post"}],"author":[{"embeddable":true,"href":"https:\/\/www.best-dentist-dentistry.com\/de\/wp-json\/wp\/v2\/users\/1"}],"replies":[{"embeddable":true,"href":"https:\/\/www.best-dentist-dentistry.com\/de\/wp-json\/wp\/v2\/comments?post=16910"}],"version-history":[{"count":0,"href":"https:\/\/www.best-dentist-dentistry.com\/de\/wp-json\/wp\/v2\/posts\/16910\/revisions"}],"wp:attachment":[{"href":"https:\/\/www.best-dentist-dentistry.com\/de\/wp-json\/wp\/v2\/media?parent=16910"}],"wp:term":[{"taxonomy":"category","embeddable":true,"href":"https:\/\/www.best-dentist-dentistry.com\/de\/wp-json\/wp\/v2\/categories?post=16910"},{"taxonomy":"post_tag","embeddable":true,"href":"https:\/\/www.best-dentist-dentistry.com\/de\/wp-json\/wp\/v2\/tags?post=16910"}],"curies":[{"name":"wp","href":"https:\/\/api.w.org\/{rel}","templated":true}]}}