{"id":1695,"date":"2013-12-28T11:13:33","date_gmt":"2013-12-28T11:13:33","guid":{"rendered":null},"modified":"2013-12-28T11:13:33","modified_gmt":"2013-12-28T11:13:33","slug":"cocemfe-applauded-the-shift-to-prevention-that-incorporates-the-public-health-act","status":"publish","type":"post","link":"https:\/\/www.best-dentist-dentistry.com\/de\/cocemfe-applauded-the-shift-to-prevention-that-incorporates-the-public-health-act\/1695","title":{"rendered":"COCEMFE Beifall den \u00dcbergang zur Pr\u00e4vention, die das Public Health Act enth\u00e4lt"},"content":{"rendered":"<p><font   size=\"2\"> <font size=\"3\"> <strong>COCEMFE Beifall den \u00dcbergang zur Pr\u00e4vention, die der Public Health Act umfasst<\/strong><\/font> <\/p>\n<p>-Das neue Gesetz enth\u00e4lt einen Katalog von Ma\u00dfnahmen zur Pr\u00e4vention von Krankheiten und Behinderungen <\/p>\n<p> &#8211; enthalten, wie ein allgemeiner Grundsatz des Aktion im \u00f6ffentlichen Gesundheitswesen speziell die Bed\u00fcrfnisse von Menschen mit Behinderungen <\/p>\n<p>-COCEMFE behauptet Executive kommenden Erh\u00f6hung sozio-sanit\u00e4re Koordinierung und Aktualisieren des Katalogs CPO <\/p>\n<p> <strong>Madrid, 2011-September<\/strong> Spanisch Bund von Menschen mit Behinderung und organischen (COCEMFE) h\u00e4lt eine endg\u00fcltige Genehmigung der Fortschritt auf dem Kongress des allgemeinen Gesetzes der \u00f6ffentlichen Gesundheit. <\/p>\n<p>COCEMFE, Mario Garcia, Pr\u00e4sident sagt, dass es  eine \u00c4nderung der Vorgehensweise sehr wichtig da Rechtsvorschriften traditionell \u00fcber die Organisation der Gesundheitsdienste und Heilung der Krankheit, und mit dem neuen Gesetz konzentriert hat verst\u00e4rkt ein sehr wichtiges Thema f\u00fcr unser Kollektiv die Krankheit Pr\u00e4vention Endung zu Behinderungen ist &#8221;. <\/p>\n<p>Das neue Gesetz enth\u00e4lt einen Katalog von Ma\u00dfnahmen zur Verh\u00fctung von Gesundheitssch\u00e4den reduzieren Inzidenz und Pr\u00e4valenz bestimmter Krankheiten, Verletzungen und Behinderungen und die negativen Folgen zu mildern. <\/p>\n<p>Auch der Standard hat Verfahren zur Gew\u00e4hrleistung der Qualit\u00e4t und Sicherheit von Pr\u00e4ventivma\u00dfnahmen (Verh\u00fctung von Verletzungen, Impfungen oder Fr\u00fcherkennung von Krankheiten) in Spanien, und legt fest, dass die Pr\u00e4vention ist eine koordinierte multidisziplin\u00e4re und handeln mit Ma\u00dfnahmen in allen Bereichen der Gesundheit: Profis der Familie und der Gemeinschaft, nursing, Arbeitnehmer im sozialen Bereich, Apotheken, Krankenh\u00e4user, etc.. <\/p>\n<p>Laut der Pr\u00e4sident von COCEMFE, &#8220;viele L\u00fccken Belange von Menschen mit Behinderungen und ihre Familien in ihre Lebensbedingungen sind motiviert durch die strikte Trennung zwischen Gesundheitswesen und Sozialf\u00fcrsorge in Spanien., auch in vielen F\u00e4llen, mangelnde Koordinierung zwischen den beiden Systemen wurde die Wirksamkeit der Aktionen abgezogen und hat Auswirkungen auf negativ, die in Not&#8221; beide Dienste gemeinsam und gleichzeitig &#8221;. <\/p>\n<p>  Bleibt noch viel um zu tun, um eine echte Gesundheitsbereich zu erreichen, aber es scheint, dass sie geeignete Ma\u00dfnahmen, um solche Situationen. Daher seit COCEMFE Aufruf die Exekutive kommt bei den n\u00e4chsten Wahlen die sozio-sanit\u00e4re Koordinierung mit Ma\u00dfnahmen, wie die Erweiterung und Aktualisierung der Bereitstellung Prothetik des Gesundheitssystems auf die Bed\u00fcrfnisse von Menschen mit Behinderungen zu erm\u00e4chtigen gew\u00e4hlten &#8221;, fordert der Pr\u00e4sident der Entit\u00e4t. <\/p>\n<p>Der zuk\u00fcnftige Standard spezifiziert auch als Grundsatz Aktion Volksgesundheit-allgemeine Verpflichtung, die Gleichstellung der Geschlechter und die Bereitstellung von eine besondere Aufmerksamkeit auf die Bed\u00fcrfnisse von Menschen mit Behinderungen zu integrieren. <\/p>\n<p>  Ist von besonderer Bedeutung die \u00c4nderung dieses Gesetz bezieht sich auf das Gesetz des Zusammenhalts und der Qualit\u00e4t des \u00f6ffentlichen Gesundheitswesens in 2003, da es umfasst die Bereitstellung der \u00f6ffentlichen Gesundheit Ma\u00dfnahmen zur Vorbeugung und Fr\u00fcherkennung von Krankheiten und Unterst\u00fctzung f\u00fcr Menschen, die sie und ihre Familien haben &#8221;, sagt Garc\u00eda. <\/p>\n<p><strong>COCEMFE<\/strong> <\/p>\n<p>Die Spanisch-Bund von Menschen mit Behinderung und organischen (COCEMFE) ist eine nichtstaatliche gemeinn\u00fctzige, die 1980 gegr\u00fcndet wurde. Es zielt darauf ab zu vereinigen, St\u00e4rkung und Koordinierung und Aktivit\u00e4ten von Personen zugunsten von Personen mit Behinderungen physikalische und organische, ihre Rechte zu verteidigen und ihre Lebensqualit\u00e4t zu verbessern. Das Unternehmen vereint mehr als 1.360 Organisationen aufgeteilt in regionalen Konf\u00f6derationen, staatlichen Institutionen und provinziellen Verb\u00e4nde, die wiederum verschiedene Verb\u00e4nde R\u00e4umlichkeiten. zusammenzubringen <\/p>\n<p><\/font><\/p>\n","protected":false},"excerpt":{"rendered":"<p>COCEMFE Beifall den \u00dcbergang zur Pr\u00e4vention, die der Public Health Act umfasst -Das neue Gesetz enth\u00e4lt einen Katalog von Ma\u00dfnahmen zur Pr\u00e4vention von Krankheiten und Behinderungen &#8211; enthalten, wie ein allgemeiner Grundsatz des Aktion im \u00f6ffentlichen Gesundheitswesen speziell die Bed\u00fcrfnisse von Menschen mit Behinderungen -COCEMFE behauptet Executive kommenden Erh\u00f6hung sozio-sanit\u00e4re Koordinierung und Aktualisieren des Katalogs [&hellip;]<\/p>\n","protected":false},"author":1,"featured_media":0,"comment_status":"close","ping_status":"open","sticky":false,"template":"","format":"standard","meta":{"footnotes":""},"categories":[3],"tags":[6577,6576,6575,6578],"class_list":["post-1695","post","type-post","status-publish","format-standard","hentry","category-allgemeine","tag-bergang","tag-beifall","tag-impfkampagne","tag-public","et-doesnt-have-format-content","et_post_format-et-post-format-standard"],"_links":{"self":[{"href":"https:\/\/www.best-dentist-dentistry.com\/de\/wp-json\/wp\/v2\/posts\/1695","targetHints":{"allow":["GET"]}}],"collection":[{"href":"https:\/\/www.best-dentist-dentistry.com\/de\/wp-json\/wp\/v2\/posts"}],"about":[{"href":"https:\/\/www.best-dentist-dentistry.com\/de\/wp-json\/wp\/v2\/types\/post"}],"author":[{"embeddable":true,"href":"https:\/\/www.best-dentist-dentistry.com\/de\/wp-json\/wp\/v2\/users\/1"}],"replies":[{"embeddable":true,"href":"https:\/\/www.best-dentist-dentistry.com\/de\/wp-json\/wp\/v2\/comments?post=1695"}],"version-history":[{"count":0,"href":"https:\/\/www.best-dentist-dentistry.com\/de\/wp-json\/wp\/v2\/posts\/1695\/revisions"}],"wp:attachment":[{"href":"https:\/\/www.best-dentist-dentistry.com\/de\/wp-json\/wp\/v2\/media?parent=1695"}],"wp:term":[{"taxonomy":"category","embeddable":true,"href":"https:\/\/www.best-dentist-dentistry.com\/de\/wp-json\/wp\/v2\/categories?post=1695"},{"taxonomy":"post_tag","embeddable":true,"href":"https:\/\/www.best-dentist-dentistry.com\/de\/wp-json\/wp\/v2\/tags?post=1695"}],"curies":[{"name":"wp","href":"https:\/\/api.w.org\/{rel}","templated":true}]}}